{"id":8364,"date":"2022-11-25T00:45:34","date_gmt":"2022-11-25T03:45:34","guid":{"rendered":"https:\/\/www.visionweb.com.ar\/?p=8364"},"modified":"2022-11-25T09:44:36","modified_gmt":"2022-11-25T12:44:36","slug":"alcohol-0-diputados-dio-media-sancion-al-proyecto-de-ley-por-amplia-mayoria","status":"publish","type":"post","link":"https:\/\/www.visionweb.com.ar\/?p=8364","title":{"rendered":"Alcohol 0: Diputados dio media sanci\u00f3n al proyecto de ley por amplia mayor\u00eda"},"content":{"rendered":"<p><em><strong>El objetivo de la iniciativa, resistida por la industria vitivin\u00edcola y sectores gastron\u00f3micos por el posible impacto negativo en sus ventas, es reducir las muertes en accidentes de tr\u00e1nsito.<\/strong><\/em><!--more--><\/p>\n<p><strong>\u00a0 \u00a0 \u00a0 \u00a0 <img loading=\"lazy\" decoding=\"async\" class=\"size-medium wp-image-4779 alignleft\" src=\"https:\/\/www.visionweb.com.ar\/wp-content\/uploads\/2022\/03\/CAMARA-DE-DIPUTADOS-DE-LA-NACION-300x200.png\" alt=\"\" width=\"300\" height=\"200\" srcset=\"https:\/\/www.visionweb.com.ar\/wp-content\/uploads\/2022\/03\/CAMARA-DE-DIPUTADOS-DE-LA-NACION-300x200.png 300w, https:\/\/www.visionweb.com.ar\/wp-content\/uploads\/2022\/03\/CAMARA-DE-DIPUTADOS-DE-LA-NACION-768x513.png 768w, https:\/\/www.visionweb.com.ar\/wp-content\/uploads\/2022\/03\/CAMARA-DE-DIPUTADOS-DE-LA-NACION.png 800w\" sizes=\"auto, (max-width: 300px) 100vw, 300px\" \/> \u00a0C<\/strong>on el apoyo de los palcos del recinto colmados de representantes de organizaciones vinculadas a la seguridad vial, la C\u00e1mara de Diputados aprob\u00f3 anoche por amplia mayor\u00eda el proyecto de ley de Alcohol 0 al volante.<\/p>\n<p>La iniciativa que proh\u00edbe la conducci\u00f3n de veh\u00edculos a personas que tengan una graduaci\u00f3n de alcohol en sangre superior a cero, una obligaci\u00f3n que de acuerdo a la normativa vigente recae solamente sobre conductores profesionales, fue aprobada con 193 votos afirmadas, 19 negativos y cuatro abstenciones.<\/p>\n<p>El proyecto de Alcohol 0, que contaba con el apoyo de todas las bancadas, adem\u00e1s del Gobierno y asociaciones civiles como Madres del Dolor que buscaron cambiar la norma vigente que autoriza hasta 0,5 gramos de alcohol por litro de sangre para conductores de autom\u00f3viles y 0,2 gramos en el caso de motociclistas.<\/p>\n<p>El objetivo de la iniciativa, resistida por la industria vitivin\u00edcola y sectores gastron\u00f3micos por el posible impacto negativo en sus ventas, es reducir las muertes en accidentes de tr\u00e1nsito, la primera causa en fallecimientos de adolescentes.<\/p>\n<p>El presidente de la comisi\u00f3n de Transportes, el radical Jorge Rizzoti destac\u00f3 que la iniciativa \u201cintenta lograr un cambio cultural, pretende luchar contra la violencia vial y configurar una pr\u00e1ctica de conciencia y responsabilidad\u201c.<\/p>\n<p>Por su parte, la diputada del PRO Mar\u00eda Luj\u00e1n Rey resalt\u00f3 que \u201cesta ley viene a igualar la responsabilidad a los conductores priorizando la seguridad\u201d.<\/p>\n<p>\u201cEntiendo que la cuesti\u00f3n de los siniestros viales va mucho m\u00e1s all\u00e1 del problema del consumo de alcohol, que tiene otras dimensiones, pero ac\u00e1 estamos haciendo algo claro, diciendo alcohol cero al volante\u201c, indic\u00f3 el oficialista Daniel Arroyo.<\/p>\n<p>El ex ministro de Transporte y diputado del interbloque Federal Florencio Randazzo subray\u00f3 que quienes promueven la ley de alcohol cero tienen \u201cun solo inter\u00e9s\u201d que es \u201cdefender la vida\u201d<strong>(VW)<\/strong>.<\/p>\n<p>&nbsp;<\/p>\n","protected":false},"excerpt":{"rendered":"<p>El objetivo de la iniciativa, resistida por la industria vitivin\u00edcola y sectores gastron\u00f3micos por el posible impacto negativo en sus ventas, es reducir las muertes en accidentes de tr\u00e1nsito.<\/p>\n","protected":false},"author":3,"featured_media":4779,"comment_status":"closed","ping_status":"closed","sticky":false,"template":"","format":"standard","meta":{"_monsterinsights_skip_tracking":false,"_monsterinsights_sitenote_active":false,"_monsterinsights_sitenote_note":"","_monsterinsights_sitenote_category":0,"footnotes":""},"categories":[8,5],"tags":[143,2852,3496,789],"class_list":["post-8364","post","type-post","status-publish","format-standard","has-post-thumbnail","hentry","category-interes-general","category-sociedad","tag-diputados","tag-iniciativa","tag-madres-del-dolor","tag-proyecto-de-ley"],"_links":{"self":[{"href":"https:\/\/www.visionweb.com.ar\/index.php?rest_route=\/wp\/v2\/posts\/8364","targetHints":{"allow":["GET"]}}],"collection":[{"href":"https:\/\/www.visionweb.com.ar\/index.php?rest_route=\/wp\/v2\/posts"}],"about":[{"href":"https:\/\/www.visionweb.com.ar\/index.php?rest_route=\/wp\/v2\/types\/post"}],"author":[{"embeddable":true,"href":"https:\/\/www.visionweb.com.ar\/index.php?rest_route=\/wp\/v2\/users\/3"}],"replies":[{"embeddable":true,"href":"https:\/\/www.visionweb.com.ar\/index.php?rest_route=%2Fwp%2Fv2%2Fcomments&post=8364"}],"version-history":[{"count":3,"href":"https:\/\/www.visionweb.com.ar\/index.php?rest_route=\/wp\/v2\/posts\/8364\/revisions"}],"predecessor-version":[{"id":8379,"href":"https:\/\/www.visionweb.com.ar\/index.php?rest_route=\/wp\/v2\/posts\/8364\/revisions\/8379"}],"wp:featuredmedia":[{"embeddable":true,"href":"https:\/\/www.visionweb.com.ar\/index.php?rest_route=\/wp\/v2\/media\/4779"}],"wp:attachment":[{"href":"https:\/\/www.visionweb.com.ar\/index.php?rest_route=%2Fwp%2Fv2%2Fmedia&parent=8364"}],"wp:term":[{"taxonomy":"category","embeddable":true,"href":"https:\/\/www.visionweb.com.ar\/index.php?rest_route=%2Fwp%2Fv2%2Fcategories&post=8364"},{"taxonomy":"post_tag","embeddable":true,"href":"https:\/\/www.visionweb.com.ar\/index.php?rest_route=%2Fwp%2Fv2%2Ftags&post=8364"}],"curies":[{"name":"wp","href":"https:\/\/api.w.org\/{rel}","templated":true}]}}