{"id":8343,"date":"2022-11-24T09:21:51","date_gmt":"2022-11-24T12:21:51","guid":{"rendered":"https:\/\/www.visionweb.com.ar\/?p=8343"},"modified":"2022-11-24T09:21:51","modified_gmt":"2022-11-24T12:21:51","slug":"diputados-presentan-proyecto-para-proteccion-de-victimas-de-violencia-institucional","status":"publish","type":"post","link":"https:\/\/www.visionweb.com.ar\/?p=8343","title":{"rendered":"Diputados: Presentan proyecto para protecci\u00f3n de v\u00edctimas de violencia institucional"},"content":{"rendered":"<p><em><strong>La iniciativa es impulsada por la ministra de Mujeres, Pol\u00edticas de G\u00e9nero y Diversidad Sexual, Estela D\u00edaz. El proyecto de ley propone otorgar una pensi\u00f3n graciable, mensual y vitalicia, con car\u00e1cter reparatorio, para V\u00edctimas de Violencia Institucional por motivos de Identidad de G\u00e9nero.\u00a0<\/strong><\/em><!--more--><\/p>\n<div id=\"attachment_8344\" style=\"width: 310px\" class=\"wp-caption alignleft\"><img loading=\"lazy\" decoding=\"async\" aria-describedby=\"caption-attachment-8344\" class=\"wp-image-8344 size-medium\" src=\"https:\/\/www.visionweb.com.ar\/wp-content\/uploads\/2022\/11\/LQGTB-300x200.png\" alt=\"\" width=\"300\" height=\"200\" srcset=\"https:\/\/www.visionweb.com.ar\/wp-content\/uploads\/2022\/11\/LQGTB-300x200.png 300w, https:\/\/www.visionweb.com.ar\/wp-content\/uploads\/2022\/11\/LQGTB-768x511.png 768w, https:\/\/www.visionweb.com.ar\/wp-content\/uploads\/2022\/11\/LQGTB.png 900w\" sizes=\"auto, (max-width: 300px) 100vw, 300px\" \/><p id=\"caption-attachment-8344\" class=\"wp-caption-text\"><em><strong>La ministra Estela D\u00edaz propone otorgar una pensi\u00f3n a perpetuidad de las personas v\u00edctimas de la violencia institucional (Foto: Prensa Diputados)<\/strong><\/em><\/p><\/div>\n<p><strong>\u00a0 \u00a0 \u00a0 \u00a0 \u00a0 \u00a0 U<\/strong>na iniciativa que apunta a proteger y otorgar una pensi\u00f3n a las v\u00edctimas de violenci institucional se present\u00f3 en la Honorable C\u00e1mara de Diputados de la provincia de Buenos Aires.<\/p>\n<p>La iniciativa es impulsada por la titular de la cartera de Mujeres, Pol\u00edticas de G\u00e9nero y Diversidad Sexual, Estela D\u00edaz, que tiene como objetivo principal otorgar una reparaci\u00f3n principalmente a las v\u00edctimas de la comunidad LGBTIQ+ quienes, seg\u00fan organismos nacionales e internacionales, son las que m\u00e1s sufren la violencia institucional en los \u00faltimos a\u00f1os.<\/p>\n<p>Del acto de presentaci\u00f3n participaron: el diputado Cesar Valicenti y las diputadas Mariana Larroque y Berenice Latorre, la secretaria General de la Presidencia de la HCD, Paz Bertero y la directora de Equidad de G\u00e9nero y Diversidad Sexual de la HCD, Mariela\u00a0Breard.<\/p>\n<p>Adem\u00e1s, acompa\u00f1aron la presentaci\u00f3n, las funcionarias de la cartera, Luc\u00eda Portos, subsecretaria provincial de Pol\u00edticas de G\u00e9nero y Diversidad Sexual, y Daniela Castro, directora provincial de Pol\u00edticas de Diversidad Sexual bonaerense.<\/p>\n<p>Las y los beneficiarios del nuevo r\u00e9gimen ser\u00e1n aquellas personas mayores de cuarenta a\u00f1os que hayan sido detenidas, privadas de su libertad, sancionadas o penadas con multa por causas relacionadas con su identidad de g\u00e9nero como consecuencia del accionar de las Fuerzas de Seguridad provincial o por una disposici\u00f3n judicial.<\/p>\n<p>Otro de los puntos importantes que establece el texto de la norma es que estas personas gozar\u00e1n de las mismas coberturas que otorga el \u00abInstituto de Obra M\u00e9dico Asistencial\u00bb (IOMA) a todas las personas pensionadas de la obra social de la provincia.<\/p>\n<p>Durante su exposici\u00f3n, la ministra Estela D\u00edaz asegur\u00f3 que \u201ccuando un Estado avanza en el reconocimiento de derechos tiene que reparar y \u00e9sta es una ley que repara\u201d. Y afirm\u00f3 que \u201cser\u00eda la primera legislaci\u00f3n provincial con estas caracter\u00edsticas\u201d.<\/p>\n<p>Para finalizar, Daniela Castro, la primera funcionaria trans de la provincia de Buenos Aires, asegur\u00f3 que \u201clegisladores y legisladoras deben hacerse responsables en generar pol\u00edticas que realmente acompa\u00f1en el cese de la violencia institucional que todav\u00eda se siguen viviendo desde algunos sectores\u201d.<\/p>\n<p>\u201cQueremos ser, queremos vivir y queremos transitar en una sociedad igualitaria en todos sus aspectos. Como sociedad necesitamos reparar algo que nos ocurri\u00f3 y que durante much\u00edsimos a\u00f1os no le prestamos atenci\u00f3n\u201d, concluy\u00f3 Daniela Castro<strong>(VW)<\/strong>.<\/p>\n","protected":false},"excerpt":{"rendered":"<p>La iniciativa es impulsada por la ministra de Mujeres, Pol\u00edticas de G\u00e9nero y Diversidad Sexual, Estela D\u00edaz. El proyecto de ley propone otorgar una pensi\u00f3n graciable, mensual y vitalicia, con car\u00e1cter reparatorio, para V\u00edctimas&#46;&#46;&#46;<\/p>\n","protected":false},"author":3,"featured_media":8344,"comment_status":"closed","ping_status":"closed","sticky":false,"template":"","format":"standard","meta":{"_monsterinsights_skip_tracking":false,"_monsterinsights_sitenote_active":false,"_monsterinsights_sitenote_note":"","_monsterinsights_sitenote_category":0,"footnotes":""},"categories":[4],"tags":[2301,3484,3485],"class_list":["post-8343","post","type-post","status-publish","format-standard","has-post-thumbnail","hentry","category-politica","tag-diputados-bonaerenses","tag-lgbtiq","tag-ministra"],"_links":{"self":[{"href":"https:\/\/www.visionweb.com.ar\/index.php?rest_route=\/wp\/v2\/posts\/8343","targetHints":{"allow":["GET"]}}],"collection":[{"href":"https:\/\/www.visionweb.com.ar\/index.php?rest_route=\/wp\/v2\/posts"}],"about":[{"href":"https:\/\/www.visionweb.com.ar\/index.php?rest_route=\/wp\/v2\/types\/post"}],"author":[{"embeddable":true,"href":"https:\/\/www.visionweb.com.ar\/index.php?rest_route=\/wp\/v2\/users\/3"}],"replies":[{"embeddable":true,"href":"https:\/\/www.visionweb.com.ar\/index.php?rest_route=%2Fwp%2Fv2%2Fcomments&post=8343"}],"version-history":[{"count":1,"href":"https:\/\/www.visionweb.com.ar\/index.php?rest_route=\/wp\/v2\/posts\/8343\/revisions"}],"predecessor-version":[{"id":8345,"href":"https:\/\/www.visionweb.com.ar\/index.php?rest_route=\/wp\/v2\/posts\/8343\/revisions\/8345"}],"wp:featuredmedia":[{"embeddable":true,"href":"https:\/\/www.visionweb.com.ar\/index.php?rest_route=\/wp\/v2\/media\/8344"}],"wp:attachment":[{"href":"https:\/\/www.visionweb.com.ar\/index.php?rest_route=%2Fwp%2Fv2%2Fmedia&parent=8343"}],"wp:term":[{"taxonomy":"category","embeddable":true,"href":"https:\/\/www.visionweb.com.ar\/index.php?rest_route=%2Fwp%2Fv2%2Fcategories&post=8343"},{"taxonomy":"post_tag","embeddable":true,"href":"https:\/\/www.visionweb.com.ar\/index.php?rest_route=%2Fwp%2Fv2%2Ftags&post=8343"}],"curies":[{"name":"wp","href":"https:\/\/api.w.org\/{rel}","templated":true}]}}