{"id":8338,"date":"2022-11-24T08:47:40","date_gmt":"2022-11-24T11:47:40","guid":{"rendered":"https:\/\/www.visionweb.com.ar\/?p=8338"},"modified":"2022-11-24T08:47:40","modified_gmt":"2022-11-24T11:47:40","slug":"se-viene-otra-colecta-de-juguetes-organizada-por-la-fundacion-si-de-lomas-de-zamora","status":"publish","type":"post","link":"https:\/\/www.visionweb.com.ar\/?p=8338","title":{"rendered":"Se viene otra colecta de juguetes organizada por la Fundaci\u00f3n S\u00ed de Lomas de Zamora"},"content":{"rendered":"<p><em><strong>Otra iniciativa solidaria para que todos los ni\u00f1os reciban un regalo en Navidad. Ser\u00e1 el 3 y 4 de diciembre. Aqu\u00ed la info para formar parte de esta propuesta.<\/strong><\/em><strong>\u00a0<\/strong><!--more--><\/p>\n<p><strong><img loading=\"lazy\" decoding=\"async\" class=\"size-medium wp-image-8340 alignleft\" src=\"https:\/\/www.visionweb.com.ar\/wp-content\/uploads\/2022\/11\/colecta-juguetes-banfiel-2-300x169.jpg\" alt=\"\" width=\"300\" height=\"169\" srcset=\"https:\/\/www.visionweb.com.ar\/wp-content\/uploads\/2022\/11\/colecta-juguetes-banfiel-2-300x169.jpg 300w, https:\/\/www.visionweb.com.ar\/wp-content\/uploads\/2022\/11\/colecta-juguetes-banfiel-2.bmp 717w\" sizes=\"auto, (max-width: 300px) 100vw, 300px\" \/>\u00a0 \u00a0 \u00a0 \u00a0L<\/strong>a<strong> Fundaci\u00f3n S\u00ed<\/strong><strong> de Lomas de Zamora<\/strong>, organiz\u00f3 una nueva<strong> colecta de juguetes en Banfield<\/strong> que comenzar\u00e1 los primeros d\u00edas de diciembre, con el objetivo de lograr que a ning\u00fan peque\u00f1o le falte su regalito en esta Navidad.<\/p>\n<p>El evento organizado por esta Fundaci\u00f3n que tiende puentes solidarios, se realizar\u00e1 el fin de semana del <strong>3 y 4 de diciembre<\/strong>, en la <strong>Plaza del Campe\u00f3n<\/strong>, ubicada en\u00a0<strong>Valent\u00edn Vergara al 1500<\/strong>\u00a0de Banfield, de 14 a 18 horas.<\/p>\n<p>Desde la organizaci\u00f3n que ya cumpli\u00f3 10 a\u00f1os, detallaron que: \u201cSe acercan las fiestas y <strong>queremos que todos los ni\u00f1os tengan su regalo de Navidad<\/strong>, por ese motivo vamos a estar el 3 y 4 de diciembre en la plaza del Campe\u00f3n, Banfield, de 14 a 18 horas, recibiendo <strong>juguetes en buen estado y alimentos navide\u00f1os<\/strong>\u201d.<\/p>\n<p><a href=\"https:\/\/www.visionweb.com.ar\/wp-content\/uploads\/2022\/11\/colecta-juguetes-banfield-1.bmp\"><img loading=\"lazy\" decoding=\"async\" class=\"size-medium wp-image-8341 alignright\" src=\"https:\/\/www.visionweb.com.ar\/wp-content\/uploads\/2022\/11\/colecta-juguetes-banfield-1-300x158.jpg\" alt=\"\" width=\"300\" height=\"158\" srcset=\"https:\/\/www.visionweb.com.ar\/wp-content\/uploads\/2022\/11\/colecta-juguetes-banfield-1-300x158.jpg 300w, https:\/\/www.visionweb.com.ar\/wp-content\/uploads\/2022\/11\/colecta-juguetes-banfield-1.bmp 705w\" sizes=\"auto, (max-width: 300px) 100vw, 300px\" \/><\/a>Cabe recordar que en agosto pasado se realiz\u00f3 la colecta para el D\u00eda del Ni\u00f1o. Todo lo donado fue entregado al merendero <strong>\u201cNuevas Fuerzas\u201d<\/strong>, como tambi\u00e9n <strong>\u201cCopita de Leche Gime y Lauty\u201d<\/strong> y al comedor <strong>\u201cAbuela Lila\u201d<\/strong>.<\/p>\n<p><strong>Fundaci\u00f3n S\u00ed de Lomas de Zamora cumpli\u00f3 10 a\u00f1os al servicio del otro<\/strong>.\u00a0<strong>Para formar parte de alguna de las actividades o conocer m\u00e1s, <\/strong>contactarse con Fundaci\u00f3n S\u00ed de Lomas de Zamora a trav\u00e9s de las redes sociales (<a href=\"https:\/\/www.facebook.com\/FundacionSiLomas\">Facebook<\/a>,\u00a0<a href=\"https:\/\/www.instagram.com\/fundacionsilomas\/\">Instagram<\/a>,\u00a0<a href=\"https:\/\/twitter.com\/SILomasdeZamora\">Twitter<\/a>). <strong>(VW)<\/strong><\/p>\n","protected":false},"excerpt":{"rendered":"<p>Otra iniciativa solidaria para que todos los ni\u00f1os reciban un regalo en Navidad. Ser\u00e1 el 3 y 4 de diciembre. Aqu\u00ed la info para formar parte de esta propuesta.\u00a0<\/p>\n","protected":false},"author":4,"featured_media":8341,"comment_status":"closed","ping_status":"closed","sticky":false,"template":"","format":"standard","meta":{"_monsterinsights_skip_tracking":false,"_monsterinsights_sitenote_active":false,"_monsterinsights_sitenote_note":"","_monsterinsights_sitenote_category":0,"footnotes":""},"categories":[8,5],"tags":[3483,3482],"class_list":["post-8338","post","type-post","status-publish","format-standard","has-post-thumbnail","hentry","category-interes-general","category-sociedad","tag-colecta-de-juguetes-banfield","tag-fundacion-si-lomas-de-zamora"],"_links":{"self":[{"href":"https:\/\/www.visionweb.com.ar\/index.php?rest_route=\/wp\/v2\/posts\/8338","targetHints":{"allow":["GET"]}}],"collection":[{"href":"https:\/\/www.visionweb.com.ar\/index.php?rest_route=\/wp\/v2\/posts"}],"about":[{"href":"https:\/\/www.visionweb.com.ar\/index.php?rest_route=\/wp\/v2\/types\/post"}],"author":[{"embeddable":true,"href":"https:\/\/www.visionweb.com.ar\/index.php?rest_route=\/wp\/v2\/users\/4"}],"replies":[{"embeddable":true,"href":"https:\/\/www.visionweb.com.ar\/index.php?rest_route=%2Fwp%2Fv2%2Fcomments&post=8338"}],"version-history":[{"count":2,"href":"https:\/\/www.visionweb.com.ar\/index.php?rest_route=\/wp\/v2\/posts\/8338\/revisions"}],"predecessor-version":[{"id":8342,"href":"https:\/\/www.visionweb.com.ar\/index.php?rest_route=\/wp\/v2\/posts\/8338\/revisions\/8342"}],"wp:featuredmedia":[{"embeddable":true,"href":"https:\/\/www.visionweb.com.ar\/index.php?rest_route=\/wp\/v2\/media\/8341"}],"wp:attachment":[{"href":"https:\/\/www.visionweb.com.ar\/index.php?rest_route=%2Fwp%2Fv2%2Fmedia&parent=8338"}],"wp:term":[{"taxonomy":"category","embeddable":true,"href":"https:\/\/www.visionweb.com.ar\/index.php?rest_route=%2Fwp%2Fv2%2Fcategories&post=8338"},{"taxonomy":"post_tag","embeddable":true,"href":"https:\/\/www.visionweb.com.ar\/index.php?rest_route=%2Fwp%2Fv2%2Ftags&post=8338"}],"curies":[{"name":"wp","href":"https:\/\/api.w.org\/{rel}","templated":true}]}}