{"id":8323,"date":"2022-11-23T17:40:25","date_gmt":"2022-11-23T20:40:25","guid":{"rendered":"https:\/\/www.visionweb.com.ar\/?p=8323"},"modified":"2022-11-23T17:40:25","modified_gmt":"2022-11-23T20:40:25","slug":"avellaneda-celebro-la-noche-de-la-cultura-popular","status":"publish","type":"post","link":"https:\/\/www.visionweb.com.ar\/?p=8323","title":{"rendered":"Avellaneda celebr\u00f3 \u00abLa Noche de la Cultura Popular\u00bb"},"content":{"rendered":"<p class=\"pt-4\"><em><strong>Participaron 19 espacios culturales y m\u00e1s de 200 artistas. Los visitantes tuvieron a disposici\u00f3n micros para facilitar el traslado de un punto al otro y as\u00ed poder recorrer varios espacios en la misma noche.<\/strong><\/em><!--more--><\/p>\n<div id=\"attachment_8324\" style=\"width: 310px\" class=\"wp-caption alignright\"><img loading=\"lazy\" decoding=\"async\" aria-describedby=\"caption-attachment-8324\" class=\"wp-image-8324 size-medium\" src=\"https:\/\/www.visionweb.com.ar\/wp-content\/uploads\/2022\/11\/AVELLANEDA-CULTURA-POPULAR-300x182.png\" alt=\"\" width=\"300\" height=\"182\" srcset=\"https:\/\/www.visionweb.com.ar\/wp-content\/uploads\/2022\/11\/AVELLANEDA-CULTURA-POPULAR-300x182.png 300w, https:\/\/www.visionweb.com.ar\/wp-content\/uploads\/2022\/11\/AVELLANEDA-CULTURA-POPULAR-768x465.png 768w, https:\/\/www.visionweb.com.ar\/wp-content\/uploads\/2022\/11\/AVELLANEDA-CULTURA-POPULAR.png 800w\" sizes=\"auto, (max-width: 300px) 100vw, 300px\" \/><p id=\"caption-attachment-8324\" class=\"wp-caption-text\"><em><strong>Cientos de vecinos tuvieron la posibilidad de disfrutar de varios espect\u00e1culos en el marco de la Noche de cultura Popular.<\/strong><\/em><\/p><\/div>\n<p><strong>C<\/strong>on una gran convocatoria, la ciudad de Avellaneda realiz\u00f3 la Noche de la Cultura Popular. La iniciativa se desarroll\u00f3 el s\u00e1bado desde las 18hs. y cont\u00f3 con la participaci\u00f3n de 19 espacios culturales y m\u00e1s de 200 artistas.<\/p>\n<p>M\u00fasica, baile, variet\u00e9, teatro, poes\u00eda, feria artesanal, clown, humor, y muestras fueron algunas de las propuestas de esta edici\u00f3n.<\/p>\n<p>Adem\u00e1s, de manera gratuita, los visitantes tuvieron a disposici\u00f3n micros para facilitar el traslado de un punto al otro y as\u00ed poder recorrer varios espacios en la misma noche.<\/p>\n<p>El Encuentro fue organizado por <em>\u00abSomos Cultura Popular\u00bb<\/em> y cont\u00f3 con m\u00e1s de 200 artistas, una programaci\u00f3n amplia y variada y\u00a0 \u00abMicros Culturales Gratuitos\u00bb que recorrieron 6 circuitos diferentes. Cada transporte recorre cuatro espacios de manera gratuita.<\/p>\n<p>El municipio de Avellaneda contin\u00faa impulsando estas acciones para promover la cultura popular, incentivar el acceso de la comunidad y conocer el trabajo de las y los artistas de nuestra ciudad<strong>(VW)<\/strong>.<\/p>\n","protected":false},"excerpt":{"rendered":"<p>Participaron 19 espacios culturales y m\u00e1s de 200 artistas. Los visitantes tuvieron a disposici\u00f3n micros para facilitar el traslado de un punto al otro y as\u00ed poder recorrer varios espacios en la misma noche.<\/p>\n","protected":false},"author":3,"featured_media":8324,"comment_status":"closed","ping_status":"closed","sticky":false,"template":"","format":"standard","meta":{"_monsterinsights_skip_tracking":false,"_monsterinsights_sitenote_active":false,"_monsterinsights_sitenote_note":"","_monsterinsights_sitenote_category":0,"footnotes":""},"categories":[7],"tags":[83,139,2849],"class_list":["post-8323","post","type-post","status-publish","format-standard","has-post-thumbnail","hentry","category-educacion-y-cultura","tag-avellaneda","tag-cultura","tag-noche"],"_links":{"self":[{"href":"https:\/\/www.visionweb.com.ar\/index.php?rest_route=\/wp\/v2\/posts\/8323","targetHints":{"allow":["GET"]}}],"collection":[{"href":"https:\/\/www.visionweb.com.ar\/index.php?rest_route=\/wp\/v2\/posts"}],"about":[{"href":"https:\/\/www.visionweb.com.ar\/index.php?rest_route=\/wp\/v2\/types\/post"}],"author":[{"embeddable":true,"href":"https:\/\/www.visionweb.com.ar\/index.php?rest_route=\/wp\/v2\/users\/3"}],"replies":[{"embeddable":true,"href":"https:\/\/www.visionweb.com.ar\/index.php?rest_route=%2Fwp%2Fv2%2Fcomments&post=8323"}],"version-history":[{"count":1,"href":"https:\/\/www.visionweb.com.ar\/index.php?rest_route=\/wp\/v2\/posts\/8323\/revisions"}],"predecessor-version":[{"id":8325,"href":"https:\/\/www.visionweb.com.ar\/index.php?rest_route=\/wp\/v2\/posts\/8323\/revisions\/8325"}],"wp:featuredmedia":[{"embeddable":true,"href":"https:\/\/www.visionweb.com.ar\/index.php?rest_route=\/wp\/v2\/media\/8324"}],"wp:attachment":[{"href":"https:\/\/www.visionweb.com.ar\/index.php?rest_route=%2Fwp%2Fv2%2Fmedia&parent=8323"}],"wp:term":[{"taxonomy":"category","embeddable":true,"href":"https:\/\/www.visionweb.com.ar\/index.php?rest_route=%2Fwp%2Fv2%2Fcategories&post=8323"},{"taxonomy":"post_tag","embeddable":true,"href":"https:\/\/www.visionweb.com.ar\/index.php?rest_route=%2Fwp%2Fv2%2Ftags&post=8323"}],"curies":[{"name":"wp","href":"https:\/\/api.w.org\/{rel}","templated":true}]}}