{"id":8317,"date":"2022-11-23T09:19:22","date_gmt":"2022-11-23T12:19:22","guid":{"rendered":"https:\/\/www.visionweb.com.ar\/?p=8317"},"modified":"2022-11-23T09:20:10","modified_gmt":"2022-11-23T12:20:10","slug":"ya-se-exhibe-la-nueva-senaletica-de-precios-justos","status":"publish","type":"post","link":"https:\/\/www.visionweb.com.ar\/?p=8317","title":{"rendered":"Ya se exhibe la nueva se\u00f1al\u00e9tica de precios justos"},"content":{"rendered":"<p><em><strong>Comenz\u00f3 el proceso de instalaci\u00f3n de la se\u00f1al\u00e9tica oficial de la Secretar\u00eda de Comercio Interior. Se espera que en los pr\u00f3ximos d\u00edas ya la exhiben todos los establecimientos que adhieren al programa del Ministerio de Econom\u00eda.<\/strong><\/em><!--more--><\/p>\n<div id=\"attachment_8318\" style=\"width: 310px\" class=\"wp-caption alignright\"><img loading=\"lazy\" decoding=\"async\" aria-describedby=\"caption-attachment-8318\" class=\"wp-image-8318 size-medium\" src=\"https:\/\/www.visionweb.com.ar\/wp-content\/uploads\/2022\/11\/CARTELERIA-300x169.png\" alt=\"\" width=\"300\" height=\"169\" srcset=\"https:\/\/www.visionweb.com.ar\/wp-content\/uploads\/2022\/11\/CARTELERIA-300x169.png 300w, https:\/\/www.visionweb.com.ar\/wp-content\/uploads\/2022\/11\/CARTELERIA.png 640w\" sizes=\"auto, (max-width: 300px) 100vw, 300px\" \/><p id=\"caption-attachment-8318\" class=\"wp-caption-text\"><em><strong>Desde este lunes los super ya exhiben la nueva se\u00f1al\u00e9tica con precios justos<\/strong><\/em><\/p><\/div>\n<p><strong>\u00a0 \u00a0 L<\/strong>os supermercados adheridos a Precios Justos comenzaron este lunes a instalar la se\u00f1al\u00e9tica correspondiente y se espera que todos los que forman parte del programa lo hagan en los pr\u00f3ximos d\u00edas.<\/p>\n<p>De acuerdo con lo informado por fuentes de la Secretar\u00eda de Comercio, algunas de las cadenas adheridas ya cuentan en sus g\u00f3ndolas con los carteles oficiales circulares de fondo azul y letras blancas, publicitando los productos ofrecidos del programa que fuera anunciado el viernes 11 de noviembre por el ministro de Econom\u00eda, Sergio Massa.<\/p>\n<p>Al respecto, desde el sector supermercadista indicaron a T\u00e9lam que el momento de inicio de la colocaci\u00f3n de los letreros \u201cdepende de cada empresa\u201d y que en el curso de esta semana se espera que se vayan sumando m\u00e1s sucursales de las cadenas participantes en todo el pa\u00eds.<\/p>\n<p>El viernes 18 de noviembre, el Ministerio de Econom\u00eda aprob\u00f3 la se\u00f1al\u00e9tica del programa Precios Justos con su correspondiente imagen y descripci\u00f3n t\u00e9cnica, a trav\u00e9s de la disposici\u00f3n 1\/2022 de la Subsecretar\u00eda de Pol\u00edticas para el Mercado Interno publicada en el Bolet\u00edn Oficial.<\/p>\n<p>Seg\u00fan lo indicado en la norma, \u201cla se\u00f1al\u00e9tica de Precios Justos deber\u00e1 ser utilizada por todas las empresas alcanzadas por esa medida en su folleter\u00eda, p\u00e1ginas web, plataformas digitales o cualquier otro material o medio de difusi\u00f3n relacionado con su respectivo negocio, en el que se haga menci\u00f3n al referido programa o a los productos incorporados a \u00e9ste, respetando la descripci\u00f3n t\u00e9cnica\u201d.<\/p>\n<p>Adem\u00e1s, precis\u00f3 que, \u201ca los fines de distinguir a los productos que forman parte del Precios Justos, las empresas que hayan suscripto convenios en el marco del programa deber\u00e1n a\u00f1adir, en cada espacio destinado a su exhibici\u00f3n, la se\u00f1al\u00e9tica, respetando las descripciones t\u00e9cnicas\u201d.<\/p>\n<p>Asimismo, subray\u00f3 que \u201cla se\u00f1al\u00e9tica deber\u00e1 siempre encontrarse exhibida de forma clara, precisa, completa y totalmente visible\u201d.<\/p>\n<p>Precios Justos absorber\u00e1 a su programa precedente Precios Cuidados establece la fijaci\u00f3n de precios de cerca de 2.000 productos de primera necesidad de noviembre a febrero, y un aumento m\u00e1ximo del 4% para otros 30.000 art\u00edculos.<\/p>\n<p>El secretario de Comercio, Mat\u00edas Tombolini, asegur\u00f3 que el programa \u201cva a ayudar a ordenar la din\u00e1mica en un sendero m\u00e1s tranquilo\u201d, y destac\u00f3 que contiene una serie de puntos respecto del abastecimiento, alcance y penalidades que lo diferencia de los anteriores acuerdos.<\/p>\n<p>Tombolini diferenci\u00f3 a Precios Justos de los anteriores acuerdos de precios y uno de los puntos que destac\u00f3 es la variedad de productos incluidos, abarcando a 102 empresas de consumo masivo, al igual que las marcas propias de los supermercados, con la meta de \u201cseguir incorporando productos y empresas en las pr\u00f3ximas semanas\u201d.<\/p>\n<p>Del mismo modo hizo puntapi\u00e9 sobre el alcance del mismo, \u201cllegando hoy a 18 cadenas de supermercados e hipermercados con m\u00e1s de 2.200 puntos de venta, y 25 cadenas del interior del pa\u00eds que a su vez tienen 150 puntos de venta m\u00e1s\u201d.<\/p>\n<p>Como novedad, el programa incorpora a las cadenas mayoristas que -se\u00f1al\u00f3 Tombolini- \u201chasta hoy estaban fuera de los programas de precios anteriores\u201d y suman \u201c200 puntos de venta\u201d.<\/p>\n<p>En estas bocas, \u201cen la mayor\u00eda de los casos\u201d, el precio del programa es menor al de los supermercados.<\/p>\n<p>No obstante, aclar\u00f3 que los comercios de proximidad y almacenes -que normalmente se abastecen de mayoristas- \u201ctienen un nivel de precios m\u00e1s elevado que del supermercado\u201d, y que ello tiene que ver \u201ccon la estructura econ\u00f3mica de comercializaci\u00f3n\u201d del pa\u00eds, una distorsi\u00f3n que aclar\u00f3 que no se corregir\u00e1 con un programa de precios<strong>(VW)<\/strong>.<\/p>\n","protected":false},"excerpt":{"rendered":"<p>Comenz\u00f3 el proceso de instalaci\u00f3n de la se\u00f1al\u00e9tica oficial de la Secretar\u00eda de Comercio Interior. Se espera que en los pr\u00f3ximos d\u00edas ya la exhiben todos los establecimientos que adhieren al programa del Ministerio&#46;&#46;&#46;<\/p>\n","protected":false},"author":3,"featured_media":8318,"comment_status":"closed","ping_status":"closed","sticky":false,"template":"","format":"standard","meta":{"_monsterinsights_skip_tracking":false,"_monsterinsights_sitenote_active":false,"_monsterinsights_sitenote_note":"","_monsterinsights_sitenote_category":0,"footnotes":""},"categories":[3,8],"tags":[3476,3475,365],"class_list":["post-8317","post","type-post","status-publish","format-standard","has-post-thumbnail","hentry","category-actualidad","category-interes-general","tag-precios-justoso","tag-senaletica","tag-supermercados"],"_links":{"self":[{"href":"https:\/\/www.visionweb.com.ar\/index.php?rest_route=\/wp\/v2\/posts\/8317","targetHints":{"allow":["GET"]}}],"collection":[{"href":"https:\/\/www.visionweb.com.ar\/index.php?rest_route=\/wp\/v2\/posts"}],"about":[{"href":"https:\/\/www.visionweb.com.ar\/index.php?rest_route=\/wp\/v2\/types\/post"}],"author":[{"embeddable":true,"href":"https:\/\/www.visionweb.com.ar\/index.php?rest_route=\/wp\/v2\/users\/3"}],"replies":[{"embeddable":true,"href":"https:\/\/www.visionweb.com.ar\/index.php?rest_route=%2Fwp%2Fv2%2Fcomments&post=8317"}],"version-history":[{"count":2,"href":"https:\/\/www.visionweb.com.ar\/index.php?rest_route=\/wp\/v2\/posts\/8317\/revisions"}],"predecessor-version":[{"id":8320,"href":"https:\/\/www.visionweb.com.ar\/index.php?rest_route=\/wp\/v2\/posts\/8317\/revisions\/8320"}],"wp:featuredmedia":[{"embeddable":true,"href":"https:\/\/www.visionweb.com.ar\/index.php?rest_route=\/wp\/v2\/media\/8318"}],"wp:attachment":[{"href":"https:\/\/www.visionweb.com.ar\/index.php?rest_route=%2Fwp%2Fv2%2Fmedia&parent=8317"}],"wp:term":[{"taxonomy":"category","embeddable":true,"href":"https:\/\/www.visionweb.com.ar\/index.php?rest_route=%2Fwp%2Fv2%2Fcategories&post=8317"},{"taxonomy":"post_tag","embeddable":true,"href":"https:\/\/www.visionweb.com.ar\/index.php?rest_route=%2Fwp%2Fv2%2Ftags&post=8317"}],"curies":[{"name":"wp","href":"https:\/\/api.w.org\/{rel}","templated":true}]}}