{"id":8303,"date":"2022-11-22T14:02:43","date_gmt":"2022-11-22T17:02:43","guid":{"rendered":"https:\/\/www.visionweb.com.ar\/?p=8303"},"modified":"2022-11-22T14:02:43","modified_gmt":"2022-11-22T17:02:43","slug":"bancos-con-horario-de-verano-atenderan-de-8-a-13","status":"publish","type":"post","link":"https:\/\/www.visionweb.com.ar\/?p=8303","title":{"rendered":"Bancos: Con horario de verano atender\u00e1n de 8 a 13"},"content":{"rendered":"<p><em><strong>El horario estival ser\u00e1 de 8 \u00a0a 13 horas por motivo de las altas temperaturas, y durar\u00e1 hasta el 31 de marzo de 2023.<\/strong><\/em><!--more--><\/p>\n<p><strong><img loading=\"lazy\" decoding=\"async\" class=\"size-medium wp-image-8305 alignright\" src=\"https:\/\/www.visionweb.com.ar\/wp-content\/uploads\/2022\/11\/banco-provincia-300x176.jpg\" alt=\"\" width=\"300\" height=\"176\" srcset=\"https:\/\/www.visionweb.com.ar\/wp-content\/uploads\/2022\/11\/banco-provincia-300x176.jpg 300w, https:\/\/www.visionweb.com.ar\/wp-content\/uploads\/2022\/11\/banco-provincia.bmp 610w\" sizes=\"auto, (max-width: 300px) 100vw, 300px\" \/>E<\/strong>l gobierno de la Provincia de Buenos Aires confirm\u00f3 a trav\u00e9s del Bolet\u00edn Oficial que desde este martes 22 de noviembre, los\u00a0<strong>bancos<\/strong><strong>\u00a0<\/strong>con sede en el <strong>territorio bonaerense<\/strong> <strong>adelantar\u00e1n dos horas su horario de atenci\u00f3n<\/strong>, hasta el 31 de marzo 2023.<\/p>\n<p>La normativa bonaerense prev\u00e9 que durante cuatro meses las entidades bancarias abran sus puertas y den por finalizado el servicio dos horas antes de lo estipulado hasta ahora.<\/p>\n<p><strong>La decisi\u00f3n se conoci\u00f3 este fin de semana mediante la Resoluci\u00f3n 987 publicada en el Bolet\u00edn Oficial,<\/strong>\u00a0que establece el cambio que se aplicar\u00e1 en las entidades durante cuatro meses.<\/p>\n<p>Seg\u00fan la normativa,<strong>\u00a0<\/strong><strong>el lunes 3 de abril de 2023 se volver\u00e1 al horario normal, de 10 a 15.<\/strong><\/p>\n<p><strong>\u00abEl personal cumplir\u00e1 su jornada laboral de lunes a viernes de 7.45 a 15.15 horas<\/strong>, debiendo destinarse, como horario de atenci\u00f3n al p\u00fablico, el comprendido entre las 8 a 13 horas\u00bb, indica la normativa.<\/p>\n<p>La decisi\u00f3n se da tras\u00a0un pedido expreso realizado por la Asociaci\u00f3n Bancaria, y responde\u00a0<strong>a evitar que los clientes se expongan a las altas temperaturas del verano.<\/strong><\/p>\n<p>La resoluci\u00f3n\u00a0 tambi\u00e9n incluye un anexo en el que se alistan todos los municipios que se ver\u00e1n alcanzados por la decisi\u00f3n: La Plata, Berisso, Ensenada, Bol\u00edvar, Azul, Bragado, 25 de Mayo, Balcarce, Chivilcoy, General Alvarado, entre otros.<\/p>\n<p>Seg\u00fan la normativa oficial, la medida regir\u00eda desde el lunes, pero por el feriado tur\u00edstico, comenzar\u00e1 a aplicarse este martes y hasta el viernes 31 de marzo de 2023. As\u00ed, el lunes 3 de abril de ese a\u00f1o se volver\u00e1 al horario normal de 10 a 15 horas. <strong>(VW)<\/strong><\/p>\n<p>&nbsp;<\/p>\n<p>&nbsp;<\/p>\n","protected":false},"excerpt":{"rendered":"<p>El horario estival ser\u00e1 de 8 \u00a0a 13 horas por motivo de las altas temperaturas, y durar\u00e1 hasta el 31 de marzo de 2023.<\/p>\n","protected":false},"author":4,"featured_media":8305,"comment_status":"closed","ping_status":"closed","sticky":false,"template":"","format":"standard","meta":{"_monsterinsights_skip_tracking":false,"_monsterinsights_sitenote_active":false,"_monsterinsights_sitenote_note":"","_monsterinsights_sitenote_category":0,"footnotes":""},"categories":[8],"tags":[24,3470,666],"class_list":["post-8303","post","type-post","status-publish","format-standard","has-post-thumbnail","hentry","category-interes-general","tag-bancos","tag-horario-de-verano-bancario","tag-provincia-de-bueos-aires"],"_links":{"self":[{"href":"https:\/\/www.visionweb.com.ar\/index.php?rest_route=\/wp\/v2\/posts\/8303","targetHints":{"allow":["GET"]}}],"collection":[{"href":"https:\/\/www.visionweb.com.ar\/index.php?rest_route=\/wp\/v2\/posts"}],"about":[{"href":"https:\/\/www.visionweb.com.ar\/index.php?rest_route=\/wp\/v2\/types\/post"}],"author":[{"embeddable":true,"href":"https:\/\/www.visionweb.com.ar\/index.php?rest_route=\/wp\/v2\/users\/4"}],"replies":[{"embeddable":true,"href":"https:\/\/www.visionweb.com.ar\/index.php?rest_route=%2Fwp%2Fv2%2Fcomments&post=8303"}],"version-history":[{"count":2,"href":"https:\/\/www.visionweb.com.ar\/index.php?rest_route=\/wp\/v2\/posts\/8303\/revisions"}],"predecessor-version":[{"id":8306,"href":"https:\/\/www.visionweb.com.ar\/index.php?rest_route=\/wp\/v2\/posts\/8303\/revisions\/8306"}],"wp:featuredmedia":[{"embeddable":true,"href":"https:\/\/www.visionweb.com.ar\/index.php?rest_route=\/wp\/v2\/media\/8305"}],"wp:attachment":[{"href":"https:\/\/www.visionweb.com.ar\/index.php?rest_route=%2Fwp%2Fv2%2Fmedia&parent=8303"}],"wp:term":[{"taxonomy":"category","embeddable":true,"href":"https:\/\/www.visionweb.com.ar\/index.php?rest_route=%2Fwp%2Fv2%2Fcategories&post=8303"},{"taxonomy":"post_tag","embeddable":true,"href":"https:\/\/www.visionweb.com.ar\/index.php?rest_route=%2Fwp%2Fv2%2Ftags&post=8303"}],"curies":[{"name":"wp","href":"https:\/\/api.w.org\/{rel}","templated":true}]}}