{"id":8292,"date":"2022-11-21T11:08:12","date_gmt":"2022-11-21T14:08:12","guid":{"rendered":"https:\/\/www.visionweb.com.ar\/?p=8292"},"modified":"2022-11-21T11:08:12","modified_gmt":"2022-11-21T14:08:12","slug":"crecio-48-el-covid-durante-los-ultimos-7-dias-hubo-2-206-contagios-en-el-pais","status":"publish","type":"post","link":"https:\/\/www.visionweb.com.ar\/?p=8292","title":{"rendered":"Creci\u00f3 48% el COVID: Durante los \u00faltimos 7 d\u00edas hubo 2.206 contagios en el pa\u00eds"},"content":{"rendered":"<p><em><strong>Los contagios de Covid subieron un 48% m\u00e1s que la semana pasada. Los fallecimientos bajaron un 25%. Datos para la quinta dosis de vacuna.<\/strong><\/em><!--more--><\/p>\n<p><strong><img loading=\"lazy\" decoding=\"async\" class=\"size-medium wp-image-8294 alignleft\" src=\"https:\/\/www.visionweb.com.ar\/wp-content\/uploads\/2022\/11\/covid-nov-2022-300x244.jpg\" alt=\"\" width=\"300\" height=\"244\" srcset=\"https:\/\/www.visionweb.com.ar\/wp-content\/uploads\/2022\/11\/covid-nov-2022-300x244.jpg 300w, https:\/\/www.visionweb.com.ar\/wp-content\/uploads\/2022\/11\/covid-nov-2022.bmp 588w\" sizes=\"auto, (max-width: 300px) 100vw, 300px\" \/>E<\/strong>l Ministerio de Salud, en el reporte del domingo 20 de noviembre, indic\u00f3 que hubo 6 muertes por coronavirus y\u00a0<strong>2.206 contagios en la \u00faltima semana<\/strong>\u00a0en la Argentina, lo que representa un 48% m\u00e1s de casos que el domingo anterior, que fueron 1.486.<\/p>\n<p>As\u00ed, los casos de Covid-19 crecen, ya que volvieron a aumentar por tercera semana consecutiva.<\/p>\n<p>A la vez, la cartera sanitaria indic\u00f3 que son 237 los internados con Covid-19 en unidades de terapia intensiva, con un porcentaje de ocupaci\u00f3n de camas de adultos en el sector p\u00fablico y privado, para todas las patolog\u00edas, de 41% en Argentina.<\/p>\n<p>Con estos datos, se conoce que son 130.017 los fallecidos registrados oficialmente a nivel nacional, y 9.723.924 los contagiados desde el inicio de la pandemia.<\/p>\n<p>En tanto, los fallecimientos a causa de la enfermedad bajaron, dado que este domingo se informaron\u00a0<strong>seis muertes por Covid-19 en siete d\u00edas, dos menos que la semana anterior.<\/strong><\/p>\n<p>Con referencia a las pruebas, luego de la modificaci\u00f3n del reporte que\u00a0<strong>pas\u00f3 de diario a ser semanal<\/strong>, ya no se informa la cantidad de testeos realizados, los cambios en los criterios indican que se mantiene bajo el n\u00famero de hisopados, pese a la suba de casos de hace algunas semanas.<\/p>\n<p>Seg\u00fan el Monitor P\u00fablico de Vacunaci\u00f3n, el total de dosis aplicadas asciende a 110.259.214, de los cuales 41.045.083 recibieron una dosis, 37.894.565 las dos, 3.157.920 una adicional, 21.789.923 el primer refuerzo, y 6.219.202 el segundo, mientras que las vacunas distribuidas a las jurisdicciones llegan a 118.174.042 y las donadas a 5.083.000.<\/p>\n<p><strong>Quinta dosis:<\/strong> El Ministerio de Salud, a trav\u00e9s del Consejo Federal de Salud (Cofesa)\u00a0habilit\u00f3 la aplicaci\u00f3n del tercer refuerzo de la vacuna contra el coronavirus para las personas que hayan recibido el segundo hace 120 d\u00edas o m\u00e1s.<\/p>\n<p>En la estrategia se priorizar\u00e1 a las\u00a0<strong>personas mayores de 50 a\u00f1os y a quienes tengan condiciones de riesgo,<\/strong><strong>\u00a0<\/strong>para luego continuar con el resto de la poblaci\u00f3n. <strong>(VW)<\/strong><\/p>\n","protected":false},"excerpt":{"rendered":"<p>Los contagios de Covid subieron un 48% m\u00e1s que la semana pasada. Los fallecimientos bajaron un 25%. Datos para la quinta dosis de vacuna.<\/p>\n","protected":false},"author":4,"featured_media":8294,"comment_status":"closed","ping_status":"closed","sticky":false,"template":"","format":"standard","meta":{"_monsterinsights_skip_tracking":false,"_monsterinsights_sitenote_active":false,"_monsterinsights_sitenote_note":"","_monsterinsights_sitenote_category":0,"footnotes":""},"categories":[3],"tags":[367,3466,2613],"class_list":["post-8292","post","type-post","status-publish","format-standard","has-post-thumbnail","hentry","category-actualidad","tag-covid","tag-crecen-los-contagios-ministerio-de-salud","tag-quinta-dosis"],"_links":{"self":[{"href":"https:\/\/www.visionweb.com.ar\/index.php?rest_route=\/wp\/v2\/posts\/8292","targetHints":{"allow":["GET"]}}],"collection":[{"href":"https:\/\/www.visionweb.com.ar\/index.php?rest_route=\/wp\/v2\/posts"}],"about":[{"href":"https:\/\/www.visionweb.com.ar\/index.php?rest_route=\/wp\/v2\/types\/post"}],"author":[{"embeddable":true,"href":"https:\/\/www.visionweb.com.ar\/index.php?rest_route=\/wp\/v2\/users\/4"}],"replies":[{"embeddable":true,"href":"https:\/\/www.visionweb.com.ar\/index.php?rest_route=%2Fwp%2Fv2%2Fcomments&post=8292"}],"version-history":[{"count":2,"href":"https:\/\/www.visionweb.com.ar\/index.php?rest_route=\/wp\/v2\/posts\/8292\/revisions"}],"predecessor-version":[{"id":8295,"href":"https:\/\/www.visionweb.com.ar\/index.php?rest_route=\/wp\/v2\/posts\/8292\/revisions\/8295"}],"wp:featuredmedia":[{"embeddable":true,"href":"https:\/\/www.visionweb.com.ar\/index.php?rest_route=\/wp\/v2\/media\/8294"}],"wp:attachment":[{"href":"https:\/\/www.visionweb.com.ar\/index.php?rest_route=%2Fwp%2Fv2%2Fmedia&parent=8292"}],"wp:term":[{"taxonomy":"category","embeddable":true,"href":"https:\/\/www.visionweb.com.ar\/index.php?rest_route=%2Fwp%2Fv2%2Fcategories&post=8292"},{"taxonomy":"post_tag","embeddable":true,"href":"https:\/\/www.visionweb.com.ar\/index.php?rest_route=%2Fwp%2Fv2%2Ftags&post=8292"}],"curies":[{"name":"wp","href":"https:\/\/api.w.org\/{rel}","templated":true}]}}