{"id":8282,"date":"2022-11-21T08:39:54","date_gmt":"2022-11-21T11:39:54","guid":{"rendered":"https:\/\/www.visionweb.com.ar\/?p=8282"},"modified":"2022-11-21T08:39:54","modified_gmt":"2022-11-21T11:39:54","slug":"el-2023-tendra-19-feriados-en-total","status":"publish","type":"post","link":"https:\/\/www.visionweb.com.ar\/?p=8282","title":{"rendered":"El 2023 tendr\u00e1 19 feriados\u00a0en total\u00a0"},"content":{"rendered":"<p><em><strong>El decreto se publicar\u00e1 ma\u00f1ana martes, y el 2023 contar\u00e1 con cuatro fines de semana extra largos, de cuatro d\u00edas cada uno, que ser\u00e1n en febrero, mayo, junio y octubre.<\/strong><\/em><!--more--><\/p>\n<div id=\"attachment_8284\" style=\"width: 310px\" class=\"wp-caption alignright\"><img loading=\"lazy\" decoding=\"async\" aria-describedby=\"caption-attachment-8284\" class=\"wp-image-8284 size-medium\" src=\"https:\/\/www.visionweb.com.ar\/wp-content\/uploads\/2022\/11\/norte-argentino-arg.gob_.ar_-300x194.jpg\" alt=\"\" width=\"300\" height=\"194\" srcset=\"https:\/\/www.visionweb.com.ar\/wp-content\/uploads\/2022\/11\/norte-argentino-arg.gob_.ar_-300x194.jpg 300w, https:\/\/www.visionweb.com.ar\/wp-content\/uploads\/2022\/11\/norte-argentino-arg.gob_.ar_.bmp 767w\" sizes=\"auto, (max-width: 300px) 100vw, 300px\" \/><p id=\"caption-attachment-8284\" class=\"wp-caption-text\">Habr\u00e1 14 feriados inamovibles y 4 XXL. (Foto: argentina.gob.ar)<\/p><\/div>\n<p><strong> \u00a0 \u00a0L<\/strong>os ministerios del Interior y de Turismo y Deportes informaron el\u00a0<strong>cronograma de feriados para el 2023<\/strong>, donde habr\u00e1 un total de 19 d\u00edas festivos: 14 que ser\u00e1n inamovibles, dos trasladables y tres tur\u00edsticos, seg\u00fan el decreto 764 que ser\u00e1 publicado el pr\u00f3ximo martes en el Bolet\u00edn Oficial.<\/p>\n<p>Entre los\u00a0<strong>feriados inamovibles<\/strong>\u00a0est\u00e1n el 1\u00b0 de enero (A\u00f1o Nuevo), 20 y 21 de febrero (feriados de carnaval), el 24 de marzo (D\u00eda Nacional de la Memoria por la Verdad y la Justicia), el 2 de abril (D\u00eda del Veterano y de los Ca\u00eddos en la Guerra de Malvinas).<\/p>\n<p>Tambi\u00e9n figuran el 7 de abril (Viernes Santo), el 1\u00b0 de mayo (D\u00eda del Trabajador), el 25 de mayo (D\u00eda de la Revoluci\u00f3n de Mayo), el 17 de junio (Paso a la Inmortalidad del General Don Mart\u00edn Miguel de G\u00fcemes), el 20 de junio (Paso a la Inmortalidad del General Manuel Belgrano), el 9 de julio (D\u00eda de la Independencia), el 20 de noviembre (D\u00eda de la Soberan\u00eda Nacional), el 8 de diciembre (D\u00eda de la Inmaculada Concepci\u00f3n de Mar\u00eda) y el 25 de diciembre (Navidad).<\/p>\n<p>Entre los\u00a0<strong>feriados trasladables<\/strong>, est\u00e1n el 17 de agosto (Paso a la Inmortalidad del General Jos\u00e9 de San Mart\u00edn) que se celebrar\u00e1 el lunes 21 de agosto; y el 12 de octubre (D\u00eda del Respeto a la Diversidad Cultural) que se celebrar\u00e1 el lunes 16 de octubre.<\/p>\n<p>En cuanto a los\u00a0<strong>feriados con fines tur\u00edsticos<\/strong>, est\u00e1n el viernes 26 de mayo (puente con el feriado del jueves 25 de mayo, D\u00eda de la Revoluci\u00f3n de Mayo), el lunes 19 de junio (puente con el feriado del martes 20 de junio, Paso a la Inmortalidad del General Manuel Belgrano) y el viernes 13 de octubre (fin de semana largo, de cuatro d\u00edas, por traslado del jueves 12 de octubre -D\u00eda del Respeto a la Diversidad Cultural- al lunes 16 de octubre.<\/p>\n<p>El calendario interactivo se podr\u00e1 consultar en el sitio oficial del Ministerio del Interior <a href=\"http:\/\/www.argentina.gob.ar\/interior\/feriados-nacionales-2023\">www.argentina.gob.ar\/interior\/feriados-nacionales-2023<\/a>, luego de la correspondiente publicaci\u00f3n del decreto en el Bolet\u00edn Oficial, el martes pr\u00f3ximo.<\/p>\n<p>As\u00ed, el 2023 contar\u00e1 con cuatro fines de semana extra largos, de cuatro d\u00edas cada uno: del s\u00e1bado 18 de febrero al martes 21 de febrero; del jueves 25 al domingo 28 de mayo; del s\u00e1bado 17 al martes 20 de junio; y del viernes 13 al lunes 16 de octubre -, los que contribuir\u00e1n a impulsar el crecimiento de la actividad tur\u00edstica, conforme indic\u00f3 la comunicaci\u00f3n oficial.<\/p>\n<p>Mientras tanto, <strong>este a\u00f1o cuenta con el pr\u00f3ximo feriado XXL<\/strong> que ser\u00e1 en diciembre, en el marco del<strong>\u00a0<\/strong>D\u00eda de la Inmaculada Concepci\u00f3n de Mar\u00eda, que es <strong>el jueves 8 de diciembre al que se sumar\u00e1 el viernes 9<\/strong> de diciembre como feriado con fines tur\u00edsticos. De esta manera, ser\u00e1 un fin de semana largo de cuatro d\u00edas. \u00a0<strong>(VW)<\/strong><\/p>\n<p>&nbsp;<\/p>\n","protected":false},"excerpt":{"rendered":"<p>El decreto se publicar\u00e1 ma\u00f1ana martes, y el 2023 contar\u00e1 con cuatro fines de semana extra largos, de cuatro d\u00edas cada uno, que ser\u00e1n en febrero, mayo, junio y octubre.<\/p>\n","protected":false},"author":4,"featured_media":8284,"comment_status":"closed","ping_status":"closed","sticky":false,"template":"","format":"standard","meta":{"_monsterinsights_skip_tracking":false,"_monsterinsights_sitenote_active":false,"_monsterinsights_sitenote_note":"","_monsterinsights_sitenote_category":0,"footnotes":""},"categories":[8,700],"tags":[3459,3462,3458,3461,3460],"class_list":["post-8282","post","type-post","status-publish","format-standard","has-post-thumbnail","hentry","category-interes-general","category-turismo","tag-calebdario","tag-decreto-764","tag-feriados-2023","tag-finde-xl","tag-fines-turisticos"],"_links":{"self":[{"href":"https:\/\/www.visionweb.com.ar\/index.php?rest_route=\/wp\/v2\/posts\/8282","targetHints":{"allow":["GET"]}}],"collection":[{"href":"https:\/\/www.visionweb.com.ar\/index.php?rest_route=\/wp\/v2\/posts"}],"about":[{"href":"https:\/\/www.visionweb.com.ar\/index.php?rest_route=\/wp\/v2\/types\/post"}],"author":[{"embeddable":true,"href":"https:\/\/www.visionweb.com.ar\/index.php?rest_route=\/wp\/v2\/users\/4"}],"replies":[{"embeddable":true,"href":"https:\/\/www.visionweb.com.ar\/index.php?rest_route=%2Fwp%2Fv2%2Fcomments&post=8282"}],"version-history":[{"count":2,"href":"https:\/\/www.visionweb.com.ar\/index.php?rest_route=\/wp\/v2\/posts\/8282\/revisions"}],"predecessor-version":[{"id":8285,"href":"https:\/\/www.visionweb.com.ar\/index.php?rest_route=\/wp\/v2\/posts\/8282\/revisions\/8285"}],"wp:featuredmedia":[{"embeddable":true,"href":"https:\/\/www.visionweb.com.ar\/index.php?rest_route=\/wp\/v2\/media\/8284"}],"wp:attachment":[{"href":"https:\/\/www.visionweb.com.ar\/index.php?rest_route=%2Fwp%2Fv2%2Fmedia&parent=8282"}],"wp:term":[{"taxonomy":"category","embeddable":true,"href":"https:\/\/www.visionweb.com.ar\/index.php?rest_route=%2Fwp%2Fv2%2Fcategories&post=8282"},{"taxonomy":"post_tag","embeddable":true,"href":"https:\/\/www.visionweb.com.ar\/index.php?rest_route=%2Fwp%2Fv2%2Ftags&post=8282"}],"curies":[{"name":"wp","href":"https:\/\/api.w.org\/{rel}","templated":true}]}}