{"id":8278,"date":"2022-11-18T17:36:37","date_gmt":"2022-11-18T20:36:37","guid":{"rendered":"https:\/\/www.visionweb.com.ar\/?p=8278"},"modified":"2022-11-18T17:36:37","modified_gmt":"2022-11-18T20:36:37","slug":"proyecto-de-ley-para-crear-una-agencia-de-nocturnidad-nacional","status":"publish","type":"post","link":"https:\/\/www.visionweb.com.ar\/?p=8278","title":{"rendered":"Proyecto de ley para crear una Agencia de Nocturnidad Nacional"},"content":{"rendered":"<p><em><strong>La iniciativa nace de una propuesta de Oscar Castellucci, padre de Mart\u00edn, el joven asesinado por un patovica. Buscan pol\u00edticas integrales para asegurar los eventos nocturnos en \u00e1mbitos seguros y libres de violencias.<\/strong><\/em><!--more--><\/p>\n<div id=\"attachment_8280\" style=\"width: 310px\" class=\"wp-caption alignright\"><img loading=\"lazy\" decoding=\"async\" aria-describedby=\"caption-attachment-8280\" class=\"wp-image-8280 size-medium\" src=\"https:\/\/www.visionweb.com.ar\/wp-content\/uploads\/2022\/11\/Dip-Eduardo-Tonioni-300x201.jpg\" alt=\"\" width=\"300\" height=\"201\" srcset=\"https:\/\/www.visionweb.com.ar\/wp-content\/uploads\/2022\/11\/Dip-Eduardo-Tonioni-300x201.jpg 300w, https:\/\/www.visionweb.com.ar\/wp-content\/uploads\/2022\/11\/Dip-Eduardo-Tonioni.bmp 707w\" sizes=\"auto, (max-width: 300px) 100vw, 300px\" \/><p id=\"caption-attachment-8280\" class=\"wp-caption-text\">Dip. Eduardo Toniolli en la presentaci\u00f3n del proyecto. (Foto: internet)<\/p><\/div>\n<p><strong>F<\/strong>uncionarios nacionales, organizaciones no gubernamentales, empresarios de discotecas y trabajadores del sector presentaron en la C\u00e1mara Baja\u00a0<strong>un proyecto de ley para crear una Agencia Nacional de Nocturnidad<\/strong><strong>\u00a0(ANN), c<\/strong>on el objeto de regular, coordinar y ejecutar pol\u00edticas p\u00fablicas integrales en materia de eventos y espect\u00e1culos musicales, art\u00edsticos y de entretenimiento en general nocturnos, en <strong>\u00e1mbitos seguros y libres de violencias.<\/strong><\/p>\n<p>La iniciativa, que se present\u00f3 en el\u00a0<strong>anexo de la C\u00e1mara de Diputados de la Naci\u00f3n<\/strong>, prev\u00e9 que la nueva dependencia funcionar\u00e1 con \u201cautarqu\u00eda econ\u00f3mica financiera, personer\u00eda jur\u00eddica propia y capacidad de actuaci\u00f3n en el \u00e1mbito del derecho p\u00fablico y del privado\u201d, en el \u00e1mbito de la Ciudad de Buenos Aires, pero podr\u00e1 constituir delegaciones en el interior del pa\u00eds.<\/p>\n<p>El proyecto de ley que funcionar\u00eda como organismo descentralizado en el \u00e1mbito de la Jefatura de Gabinete de Ministros de la Naci\u00f3n,<\/p>\n<p>lleva las firmas los diputados Eduardo Toniolli, Eduardo Vald\u00e9s, Leonardo Grosso, Rosana Bertone, Juan Carlos Alderete, Carolina Yutrovic, Jimena L\u00f3pez, Lisandro Bormioli; L\u00eda Caliva, Juan Manuel Pedrini y Ricardo Herrera.<\/p>\n<p><strong>La ANN<\/strong><strong> tendr\u00e1 como objeto<\/strong> y a su cargo el fomento, regulaci\u00f3n, coordinaci\u00f3n y ejecuci\u00f3n general de las pol\u00edticas p\u00fablicas integrales en materia de eventos y espect\u00e1culos musicales, art\u00edsticos y de entretenimiento en general nocturnos, en vistas a su desarrollo en\u00a0<strong>\u00e1mbitos seguros y libres de violencias<\/strong>, quedando excluidas las actividades deportivas.<\/p>\n<p>La conducci\u00f3n de la Agencia Nacional estar\u00e1 a cargo de una Direcci\u00f3n Ejecutiva, con rango y jerarqu\u00eda de Secretar\u00eda, y una Subdirecci\u00f3n Ejecutiva, con rango y jerarqu\u00eda de Subsecretar\u00eda, ambas designadas por el Poder Ejecutivo Nacional.<\/p>\n<p>El Proyecto prev\u00e9\u00a0en el \u00e1mbito de la ANN la\u00a0<strong>creaci\u00f3n del Observatorio Nacional de Nocturnida<\/strong><em><strong>d<\/strong><\/em>, que tendr\u00e1 como misi\u00f3n producir y analizar informaci\u00f3n referida a la situaci\u00f3n de las problem\u00e1ticas de la nocturnidad, fijar los par\u00e1metros para evaluar la efectividad de las pol\u00edticas p\u00fablicas dise\u00f1adas, y brindar informaci\u00f3n relevante para la modificaci\u00f3n y mejoramiento de las mismas.<\/p>\n<p>La presentaci\u00f3n del Proyecto: El anuncio de la iniciativa, que se realiz\u00f3 en el Auditorio A del edificio Anexo de la C\u00e1mara de Diputados, cont\u00f3 con la presencia de la Secretaria de Articulaci\u00f3n Federal de la Seguridad del Ministerio de Seguridad de la Naci\u00f3n Argentina, Silvia La Ruffa; y de Oscar Castellucci, pap\u00e1 de Mart\u00edn, el joven asesinado por personal de seguridad en La Casona de Lan\u00fas en 2006.<\/p>\n<p>Tambi\u00e9n asistieron el concejal peronista de Lan\u00fas, Agust\u00edn Balladares, padres de v\u00edctimas de Croma\u00f1\u00f3n, referentes de sindicatos de trabajadores de boliches, empresarios que integran asociaciones que congregan a boliches, integrantes\u00a0de diferentes organismos del Estado que tienen relaci\u00f3n directa con la nocturnidad y representantes de organizaciones juveniles pol\u00edticas y sociales, entre otros.<\/p>\n<p>Nota: Oscar es presidente de la Asociaci\u00f3n Civil Mart\u00edn Castellucci, \u00a0organizaci\u00f3n no gubernamental que est\u00e1 comprometida en la lucha c<strong>ontra la discriminaci\u00f3n, contra la violencia y por los derechos de los j\u00f3venes. \u00a0<\/strong>Luego del homicidio naci\u00f3 la Asociaci\u00f3n Civil Mart\u00edn Castellucci (<a href=\"https:\/\/www.facebook.com\/ACMCastellucci\/\">ACMC<\/a>) y la lucha persiste. Fruto de ello fue la sanci\u00f3n de la Ley 26.370. <strong>(VW)<\/strong><\/p>\n","protected":false},"excerpt":{"rendered":"<p>La iniciativa nace de una propuesta de Oscar Castellucci, padre de Mart\u00edn, el joven asesinado por un patovica. Buscan pol\u00edticas integrales para asegurar los eventos nocturnos en \u00e1mbitos seguros y libres de violencias.<\/p>\n","protected":false},"author":4,"featured_media":8280,"comment_status":"closed","ping_status":"closed","sticky":false,"template":"","format":"standard","meta":{"_monsterinsights_skip_tracking":false,"_monsterinsights_sitenote_active":false,"_monsterinsights_sitenote_note":"","_monsterinsights_sitenote_category":0,"footnotes":""},"categories":[4],"tags":[3456,3457,3455],"class_list":["post-8278","post","type-post","status-publish","format-standard","has-post-thumbnail","hentry","category-politica","tag-eduardo-toniolli","tag-oscar-castellucci","tag-proyecto-agencia-de-nocturnidad-nacional"],"_links":{"self":[{"href":"https:\/\/www.visionweb.com.ar\/index.php?rest_route=\/wp\/v2\/posts\/8278","targetHints":{"allow":["GET"]}}],"collection":[{"href":"https:\/\/www.visionweb.com.ar\/index.php?rest_route=\/wp\/v2\/posts"}],"about":[{"href":"https:\/\/www.visionweb.com.ar\/index.php?rest_route=\/wp\/v2\/types\/post"}],"author":[{"embeddable":true,"href":"https:\/\/www.visionweb.com.ar\/index.php?rest_route=\/wp\/v2\/users\/4"}],"replies":[{"embeddable":true,"href":"https:\/\/www.visionweb.com.ar\/index.php?rest_route=%2Fwp%2Fv2%2Fcomments&post=8278"}],"version-history":[{"count":2,"href":"https:\/\/www.visionweb.com.ar\/index.php?rest_route=\/wp\/v2\/posts\/8278\/revisions"}],"predecessor-version":[{"id":8281,"href":"https:\/\/www.visionweb.com.ar\/index.php?rest_route=\/wp\/v2\/posts\/8278\/revisions\/8281"}],"wp:featuredmedia":[{"embeddable":true,"href":"https:\/\/www.visionweb.com.ar\/index.php?rest_route=\/wp\/v2\/media\/8280"}],"wp:attachment":[{"href":"https:\/\/www.visionweb.com.ar\/index.php?rest_route=%2Fwp%2Fv2%2Fmedia&parent=8278"}],"wp:term":[{"taxonomy":"category","embeddable":true,"href":"https:\/\/www.visionweb.com.ar\/index.php?rest_route=%2Fwp%2Fv2%2Fcategories&post=8278"},{"taxonomy":"post_tag","embeddable":true,"href":"https:\/\/www.visionweb.com.ar\/index.php?rest_route=%2Fwp%2Fv2%2Ftags&post=8278"}],"curies":[{"name":"wp","href":"https:\/\/api.w.org\/{rel}","templated":true}]}}