{"id":8275,"date":"2022-11-18T10:18:28","date_gmt":"2022-11-18T13:18:28","guid":{"rendered":"https:\/\/www.visionweb.com.ar\/?p=8275"},"modified":"2022-11-18T10:18:28","modified_gmt":"2022-11-18T13:18:28","slug":"diputado-del-pro-pide-que-los-fondos-girados-por-nacion-a-la-provincia-se-comparticipe-con-los-municipios","status":"publish","type":"post","link":"https:\/\/www.visionweb.com.ar\/?p=8275","title":{"rendered":"Diputado del PRO pide que los fondos girados por Naci\u00f3n a la Provincia se comparticipe con los municipios"},"content":{"rendered":"<p><em><strong>El Proyecto de Ley denominado \u201cSistema de Gesti\u00f3n y control de Fondos espec\u00edficos para Municipios\u201d propone que los fondos que la Naci\u00f3n\u00a0 le transfiere a la Provincia sea coparticipable con los municipios.<\/strong><\/em> <!--more--><\/p>\n<div id=\"attachment_8276\" style=\"width: 310px\" class=\"wp-caption alignright\"><img loading=\"lazy\" decoding=\"async\" aria-describedby=\"caption-attachment-8276\" class=\"wp-image-8276 size-medium\" src=\"https:\/\/www.visionweb.com.ar\/wp-content\/uploads\/2022\/11\/COPARTICIPACION-URRELI-300x200.jpeg\" alt=\"\" width=\"300\" height=\"200\" srcset=\"https:\/\/www.visionweb.com.ar\/wp-content\/uploads\/2022\/11\/COPARTICIPACION-URRELI-300x200.jpeg 300w, https:\/\/www.visionweb.com.ar\/wp-content\/uploads\/2022\/11\/COPARTICIPACION-URRELI.jpeg 640w\" sizes=\"auto, (max-width: 300px) 100vw, 300px\" \/><p id=\"caption-attachment-8276\" class=\"wp-caption-text\"><em><strong>Diputado (PRO) Adri\u00e1n Urreli <\/strong><\/em><\/p><\/div>\n<p><strong>\u00a0 \u00a0 \u00a0 \u00a0L<\/strong>a iniciativa parlamentaria lleva la firma del diputado provincial, Adrian Urreli quien pidi\u00f3 \u00bb terminar con la discrecionalidad del gobierno nacional y provincial\u00bb y \u00bb buscar un mecanismo transparente que garantice la equidad y evitar maniobras electorales\u00bb. El proyecto ya fue presentado en la c\u00e1mara baja bonaerense.<\/p>\n<p>El Proyecto de Ley denominado \u201cSistema de Gesti\u00f3n y control de Fondos espec\u00edficos para Municipios\u201d propone que los fondos que la Naci\u00f3n\u00a0 le transfiere a la Provincia (Fondo de Infraestructura Municipal y de Seguridad), tiene que ser coparticipado con los Municipios Bonaerenses de forma autom\u00e1tica por ley.<\/p>\n<p>\u00bb Tenemos que terminar con la discrecionalidad en el reparto de los fondos que llegan a la provincia desde el gobierno nacional, hay que buscar un mecanismo autom\u00e1tico y transparente que garantice que los fondos lleguen a los distritos sin importar el color pol\u00edtico y pensando en la gente distribuyendo de manera equitativa tomando en cuenta el CUD y los ingresos\u00bb, expres\u00f3 Urreli, autor de la iniciativa.<\/p>\n<p>El presente sistema es aplicable a los fondos previstos en los art\u00edculos 51 y 53 de la Ley N\u00b015.310 y a todo fondo que, con el objeto de fortalecer las pol\u00edticas municipales en diversas materias, sea creado en el presupuesto provincial.<\/p>\n<p>En cuanto a la asignaci\u00f3n y distribuci\u00f3n de los recursos a los Municipios, ser\u00e1 realizada mediante un coeficiente combinado compuesto, en un CINCUENTA POR CIENTO (50%) por el Coeficiente \u00danico de Distribuci\u00f3n conforme lo establecido en la Ley N\u00b0 10.559 (texto ordenado seg\u00fan Decreto N\u00b0 1.069\/95) y en un CINCUENTA POR CIENTO (50%) de acuerdo a los ingresos corrientes percibidos durante el ejercicio anterior al de la creaci\u00f3n del fondo.<\/p>\n<p>Asimismo, los Municipios deber\u00e1n rendir cuentas de los fondos transferidos ante el Honorable Tribunal de Cuentas, seg\u00fan lo estipulado en la Ley N\u00b0 10.869<strong>(VW)<\/strong>.<\/p>\n","protected":false},"excerpt":{"rendered":"<p>El Proyecto de Ley denominado \u201cSistema de Gesti\u00f3n y control de Fondos espec\u00edficos para Municipios\u201d propone que los fondos que la Naci\u00f3n\u00a0 le transfiere a la Provincia sea coparticipable con los municipios.<\/p>\n","protected":false},"author":3,"featured_media":8276,"comment_status":"closed","ping_status":"closed","sticky":false,"template":"","format":"standard","meta":{"_monsterinsights_skip_tracking":false,"_monsterinsights_sitenote_active":false,"_monsterinsights_sitenote_note":"","_monsterinsights_sitenote_category":0,"footnotes":""},"categories":[4],"tags":[3454,3345,356],"class_list":["post-8275","post","type-post","status-publish","format-standard","has-post-thumbnail","hentry","category-politica","tag-coparticpacion","tag-nacion","tag-provincia"],"_links":{"self":[{"href":"https:\/\/www.visionweb.com.ar\/index.php?rest_route=\/wp\/v2\/posts\/8275","targetHints":{"allow":["GET"]}}],"collection":[{"href":"https:\/\/www.visionweb.com.ar\/index.php?rest_route=\/wp\/v2\/posts"}],"about":[{"href":"https:\/\/www.visionweb.com.ar\/index.php?rest_route=\/wp\/v2\/types\/post"}],"author":[{"embeddable":true,"href":"https:\/\/www.visionweb.com.ar\/index.php?rest_route=\/wp\/v2\/users\/3"}],"replies":[{"embeddable":true,"href":"https:\/\/www.visionweb.com.ar\/index.php?rest_route=%2Fwp%2Fv2%2Fcomments&post=8275"}],"version-history":[{"count":1,"href":"https:\/\/www.visionweb.com.ar\/index.php?rest_route=\/wp\/v2\/posts\/8275\/revisions"}],"predecessor-version":[{"id":8277,"href":"https:\/\/www.visionweb.com.ar\/index.php?rest_route=\/wp\/v2\/posts\/8275\/revisions\/8277"}],"wp:featuredmedia":[{"embeddable":true,"href":"https:\/\/www.visionweb.com.ar\/index.php?rest_route=\/wp\/v2\/media\/8276"}],"wp:attachment":[{"href":"https:\/\/www.visionweb.com.ar\/index.php?rest_route=%2Fwp%2Fv2%2Fmedia&parent=8275"}],"wp:term":[{"taxonomy":"category","embeddable":true,"href":"https:\/\/www.visionweb.com.ar\/index.php?rest_route=%2Fwp%2Fv2%2Fcategories&post=8275"},{"taxonomy":"post_tag","embeddable":true,"href":"https:\/\/www.visionweb.com.ar\/index.php?rest_route=%2Fwp%2Fv2%2Ftags&post=8275"}],"curies":[{"name":"wp","href":"https:\/\/api.w.org\/{rel}","templated":true}]}}