{"id":8269,"date":"2022-11-18T09:24:00","date_gmt":"2022-11-18T12:24:00","guid":{"rendered":"https:\/\/www.visionweb.com.ar\/?p=8269"},"modified":"2022-11-18T09:24:00","modified_gmt":"2022-11-18T12:24:00","slug":"advierten-sobre-la-triple-amenaza-de-los-virus","status":"publish","type":"post","link":"https:\/\/www.visionweb.com.ar\/?p=8269","title":{"rendered":"Advierten sobre la \u201ctriple amenaza de los virus\u201d"},"content":{"rendered":"<p><em><strong>Es por l aparici\u00f3n de casos de gripe, coronavirus y sincicial respiratorio circulan juntos. Las alertas fueron encendidas por la Organizaci\u00f3n Panamericana de Salud (OPS)<\/strong>\u00a0<\/em><!--more--><\/p>\n<p><strong>\u00a0 \u00a0 \u00a0 <img loading=\"lazy\" decoding=\"async\" class=\"size-medium wp-image-1769 alignright\" src=\"https:\/\/www.visionweb.com.ar\/wp-content\/uploads\/2021\/05\/OPERATIVOS-COVID-300x223.png\" alt=\"\" width=\"300\" height=\"223\" srcset=\"https:\/\/www.visionweb.com.ar\/wp-content\/uploads\/2021\/05\/OPERATIVOS-COVID-300x223.png 300w, https:\/\/www.visionweb.com.ar\/wp-content\/uploads\/2021\/05\/OPERATIVOS-COVID.png 640w\" sizes=\"auto, (max-width: 300px) 100vw, 300px\" \/>\u00a0 F<\/strong>rente al aumento de las infecciones por Covid-19 en la regi\u00f3n y el incremento en los casos de influenza estacional y el Virus Sincicial Respiratorio (VRS), la Directora de la Organizaci\u00f3n Panamericana de la Salud (OPS), Carissa Etienne, llam\u00f3 a los pa\u00edses a implementar medidas\u00a0 para mantener la seguridad de las comunidades, como las vacunas, la vigilancia, el uso de barbijos y el distanciamiento social, sobre todo en v\u00edsperas de las fiestas de fin de a\u00f1o.<\/p>\n<p>\u201cEl aumento de solo una infecci\u00f3n respiratoria es motivo de preocupaci\u00f3n. Cuando dos o tres empiezan a afectar a una poblaci\u00f3n de forma simult\u00e1nea, esto deber\u00eda ponernos a todos en alerta\u201d, dijo la especialista en una conferencia de prensa.<\/p>\n<p>Los casos de Covid -19 aumentaron un 17% en la regi\u00f3n durante la \u00faltima semana, con subas en los fallecimientos en Am\u00e9rica del Sur y Centroam\u00e9rica.<\/p>\n<p>Adem\u00e1s, la reducci\u00f3n en la cantidad de hisopados y diagn\u00f3sticos puede estar ocultando el verdadero n\u00famero de infecciones, alertaron los portales de noticias.<\/p>\n<p>\u201cLa situaci\u00f3n puede cambiar r\u00e1pidamente. Cada vez que nos dormimos en los laureles con este virus, corremos el riesgo de un resurgimiento. No podemos bajar la guardia\u201d, advirti\u00f3 Etienne.<\/p>\n<p>Mientras tanto, los casos de influenza en Am\u00e9rica del Norte est\u00e1n aumentando y tambi\u00e9n se observa un incremento de casos fuera de temporada en el Cono Sur, sobre todo en Argentina y Uruguay, lo que supone una tensi\u00f3n inesperada para los sistemas sanitarios.<\/p>\n<p>Las infecciones por el VRS tambi\u00e9n se incrementaron considerablemente, lo que supone una carga para los sistemas sanitarios de Canad\u00e1, M\u00e9xico, Brasil, Uruguay y Estados Unidos, con un impacto especial en ni\u00f1os y beb\u00e9s menores de un a\u00f1o.<\/p>\n<p>Etienne destac\u00f3 que las estrategias utilizadas para limitar la propagaci\u00f3n del SARS-CoV-2, como el uso de barbijos y el distanciamiento social, tambi\u00e9n se aplican a otras enfermedades respiratorias, como la causada por el VRS y para la cual no existe vacuna actualmente.<\/p>\n<p>Los pa\u00edses adem\u00e1s deben reforzar la vigilancia gen\u00f3mica de las enfermedades y seguir fomentando la vacunaci\u00f3n contra la Covid-19 y la gripe, a\u00f1adi\u00f3.<\/p>\n<p>\u201cTenemos las herramientas a nuestra disposici\u00f3n para limitar el impacto de las enfermedades respiratorias graves, y debemos seguir respondiendo a estas crisis como regi\u00f3n. No demos por sentadas estas lecciones\u201d, concluy\u00f3<strong>(VW)<\/strong>.<\/p>\n<p>T<\/p>\n","protected":false},"excerpt":{"rendered":"<p>Es por l aparici\u00f3n de casos de gripe, coronavirus y sincicial respiratorio circulan juntos. Las alertas fueron encendidas por la Organizaci\u00f3n Panamericana de Salud (OPS)\u00a0<\/p>\n","protected":false},"author":3,"featured_media":1769,"comment_status":"closed","ping_status":"closed","sticky":false,"template":"","format":"standard","meta":{"_monsterinsights_skip_tracking":false,"_monsterinsights_sitenote_active":false,"_monsterinsights_sitenote_note":"","_monsterinsights_sitenote_category":0,"footnotes":""},"categories":[5],"tags":[3451,35,3452,3417],"class_list":["post-8269","post","type-post","status-publish","format-standard","has-post-thumbnail","hentry","category-sociedad","tag-alertas","tag-covid-19","tag-infecciones-respiratorias","tag-ops"],"_links":{"self":[{"href":"https:\/\/www.visionweb.com.ar\/index.php?rest_route=\/wp\/v2\/posts\/8269","targetHints":{"allow":["GET"]}}],"collection":[{"href":"https:\/\/www.visionweb.com.ar\/index.php?rest_route=\/wp\/v2\/posts"}],"about":[{"href":"https:\/\/www.visionweb.com.ar\/index.php?rest_route=\/wp\/v2\/types\/post"}],"author":[{"embeddable":true,"href":"https:\/\/www.visionweb.com.ar\/index.php?rest_route=\/wp\/v2\/users\/3"}],"replies":[{"embeddable":true,"href":"https:\/\/www.visionweb.com.ar\/index.php?rest_route=%2Fwp%2Fv2%2Fcomments&post=8269"}],"version-history":[{"count":1,"href":"https:\/\/www.visionweb.com.ar\/index.php?rest_route=\/wp\/v2\/posts\/8269\/revisions"}],"predecessor-version":[{"id":8272,"href":"https:\/\/www.visionweb.com.ar\/index.php?rest_route=\/wp\/v2\/posts\/8269\/revisions\/8272"}],"wp:featuredmedia":[{"embeddable":true,"href":"https:\/\/www.visionweb.com.ar\/index.php?rest_route=\/wp\/v2\/media\/1769"}],"wp:attachment":[{"href":"https:\/\/www.visionweb.com.ar\/index.php?rest_route=%2Fwp%2Fv2%2Fmedia&parent=8269"}],"wp:term":[{"taxonomy":"category","embeddable":true,"href":"https:\/\/www.visionweb.com.ar\/index.php?rest_route=%2Fwp%2Fv2%2Fcategories&post=8269"},{"taxonomy":"post_tag","embeddable":true,"href":"https:\/\/www.visionweb.com.ar\/index.php?rest_route=%2Fwp%2Fv2%2Ftags&post=8269"}],"curies":[{"name":"wp","href":"https:\/\/api.w.org\/{rel}","templated":true}]}}