{"id":8265,"date":"2022-11-18T09:01:45","date_gmt":"2022-11-18T12:01:45","guid":{"rendered":"https:\/\/www.visionweb.com.ar\/?p=8265"},"modified":"2022-11-18T09:02:39","modified_gmt":"2022-11-18T12:02:39","slug":"echan-a-funcionario-de-desarrollo-social","status":"publish","type":"post","link":"https:\/\/www.visionweb.com.ar\/?p=8265","title":{"rendered":"Echan a funcionario de Desarrollo Social"},"content":{"rendered":"<p><strong><em>Se trata de Rafael Kljzer. Lo acusaron lo acusan de promover piquetes. Gran revuelo en las \u00e1reas de la cartera social.Es referente de la Uni\u00f3n de Trabajadores de la Econom\u00eda Popular.<\/em><\/strong><\/p>\n<p><!--more--><\/p>\n<p><strong>\u00a0 \u00a0 \u00a0 \u00a0 \u00a0 \u00a0 \u00a0 \u00a0 <img loading=\"lazy\" decoding=\"async\" class=\"size-medium wp-image-8266 alignleft\" src=\"https:\/\/www.visionweb.com.ar\/wp-content\/uploads\/2022\/11\/DESARROLO-SOCIAL-KLEJZER-300x188.png\" alt=\"\" width=\"300\" height=\"188\" srcset=\"https:\/\/www.visionweb.com.ar\/wp-content\/uploads\/2022\/11\/DESARROLO-SOCIAL-KLEJZER-300x188.png 300w, https:\/\/www.visionweb.com.ar\/wp-content\/uploads\/2022\/11\/DESARROLO-SOCIAL-KLEJZER.png 692w\" sizes=\"auto, (max-width: 300px) 100vw, 300px\" \/> E<\/strong>l secretario de Econom\u00eda Social, Emilio P\u00e9rsico, le solicit\u00f3 la renuncia a Rafael Klejzer, quien ocupaba el cargo de director nacional de Pol\u00edticas Integradoras en el ministerio de Desarrollo Social, por sus diferencias con la gesti\u00f3n del Gobierno nacional, informaron fuentes oficiales.<\/p>\n<p>El referente del Movimiento Popular La Dignidad y la Uni\u00f3n de Trabajadores de la Econom\u00eda Popular ven\u00eda hace semanas expresando p\u00fablicamente sus diferencias con las pol\u00edticas implementadas en el Gobierno y en la cartera de Desarrollo Social particularmente.<\/p>\n<p>\u201cKlejzer fue despedido de la Secretar\u00eda de Econom\u00eda Social por no atenerse a sus tareas y responsabilidades de funcionario p\u00fablico\u201d, dijeron desde el entorno de P\u00e9rsico, quien cont\u00f3 con el aval de la ministra de Desarrollo Social, Victoria Tolosa Paz, para decidir el desplazamiento del ahora exfuncionario.<\/p>\n<p>Adem\u00e1s aclararon que Klejzer finalmente fue desplazado de su cargo luego de que se le pidiera la renuncia hace dos semanas.<\/p>\n<p>En Desarrollo Social tambi\u00e9n hab\u00eda malestar con Klejzer por sus declaraciones p\u00fablicas promoviendo la realizaci\u00f3n de cortes y piquetes en la v\u00eda p\u00fablica y por haber alentado la venta ambulante frente a un restaurante en el barrio de Palermo.<\/p>\n<p>\u201cNo se puede ser funcionario p\u00fablico, administrar dinero p\u00fablico y comportarse como alguien que est\u00e1 en contra del propio gobierno que integra. Es una contradicci\u00f3n en s\u00ed misma\u201d, se\u00f1alaron fuentes de la cartera encabezada por Tolosa Paz.<\/p>\n<p>En tanto, Klejzer hizo esta ma\u00f1ana su propio descargo, en declaraciones a la radio AM750. \u201cNos fuimos. Nos retiramos del gobierno como organizaci\u00f3n. No estamos de acuerdo con el ajuste. Presentamos la renuncia, hace como 20 d\u00edas que estamos desvinculados de alguna forma y no hab\u00eda tiempo para anunciar nuestra salida\u201d, explic\u00f3 el ahora exfuncionario, quien sostuvo que \u201cnunca los trabajadores de la econom\u00eda popular fueron tan pobres\u201d<strong>(VW)<\/strong>.<\/p>\n","protected":false},"excerpt":{"rendered":"<p>Se trata de Rafael Kljzer. Lo acusaron lo acusan de promover piquetes. Gran revuelo en las \u00e1reas de la cartera social.Es referente de la Uni\u00f3n de Trabajadores de la Econom\u00eda Popular.<\/p>\n","protected":false},"author":3,"featured_media":8266,"comment_status":"closed","ping_status":"closed","sticky":false,"template":"","format":"standard","meta":{"_monsterinsights_skip_tracking":false,"_monsterinsights_sitenote_active":false,"_monsterinsights_sitenote_note":"","_monsterinsights_sitenote_category":0,"footnotes":""},"categories":[4],"tags":[27,3450,1724],"class_list":["post-8265","post","type-post","status-publish","format-standard","has-post-thumbnail","hentry","category-politica","tag-desarrollo-social","tag-piquetes","tag-renuncia"],"_links":{"self":[{"href":"https:\/\/www.visionweb.com.ar\/index.php?rest_route=\/wp\/v2\/posts\/8265","targetHints":{"allow":["GET"]}}],"collection":[{"href":"https:\/\/www.visionweb.com.ar\/index.php?rest_route=\/wp\/v2\/posts"}],"about":[{"href":"https:\/\/www.visionweb.com.ar\/index.php?rest_route=\/wp\/v2\/types\/post"}],"author":[{"embeddable":true,"href":"https:\/\/www.visionweb.com.ar\/index.php?rest_route=\/wp\/v2\/users\/3"}],"replies":[{"embeddable":true,"href":"https:\/\/www.visionweb.com.ar\/index.php?rest_route=%2Fwp%2Fv2%2Fcomments&post=8265"}],"version-history":[{"count":2,"href":"https:\/\/www.visionweb.com.ar\/index.php?rest_route=\/wp\/v2\/posts\/8265\/revisions"}],"predecessor-version":[{"id":8268,"href":"https:\/\/www.visionweb.com.ar\/index.php?rest_route=\/wp\/v2\/posts\/8265\/revisions\/8268"}],"wp:featuredmedia":[{"embeddable":true,"href":"https:\/\/www.visionweb.com.ar\/index.php?rest_route=\/wp\/v2\/media\/8266"}],"wp:attachment":[{"href":"https:\/\/www.visionweb.com.ar\/index.php?rest_route=%2Fwp%2Fv2%2Fmedia&parent=8265"}],"wp:term":[{"taxonomy":"category","embeddable":true,"href":"https:\/\/www.visionweb.com.ar\/index.php?rest_route=%2Fwp%2Fv2%2Fcategories&post=8265"},{"taxonomy":"post_tag","embeddable":true,"href":"https:\/\/www.visionweb.com.ar\/index.php?rest_route=%2Fwp%2Fv2%2Ftags&post=8265"}],"curies":[{"name":"wp","href":"https:\/\/api.w.org\/{rel}","templated":true}]}}