{"id":8253,"date":"2022-11-17T11:57:56","date_gmt":"2022-11-17T14:57:56","guid":{"rendered":"https:\/\/www.visionweb.com.ar\/?p=8253"},"modified":"2022-11-17T11:59:30","modified_gmt":"2022-11-17T14:59:30","slug":"una-delegacion-de-alcaldes-y-diputados-de-italia-fueron-recibidos-por-el-intendente-gindetti","status":"publish","type":"post","link":"https:\/\/www.visionweb.com.ar\/?p=8253","title":{"rendered":"Una delegaci\u00f3n de alcaldes y diputados de Italia fueron recibidos por el intendente Gindetti"},"content":{"rendered":"<p><em><strong>La delegaci\u00f3n de 16 miembros proveniente de distintas regiones del sur de Italia se interes\u00f3 en el desarrollo del \u00abDistrito comercial Lanusita\u00bb<\/strong><\/em><!--more--><\/p>\n<p><img loading=\"lazy\" decoding=\"async\" class=\"size-medium wp-image-8254 alignright\" src=\"https:\/\/www.visionweb.com.ar\/wp-content\/uploads\/2022\/11\/DELEGACION-ITALIANA-SE-REUNIO-CON-GRINDETTI-300x213.jpeg\" alt=\"\" width=\"300\" height=\"213\" srcset=\"https:\/\/www.visionweb.com.ar\/wp-content\/uploads\/2022\/11\/DELEGACION-ITALIANA-SE-REUNIO-CON-GRINDETTI-300x213.jpeg 300w, https:\/\/www.visionweb.com.ar\/wp-content\/uploads\/2022\/11\/DELEGACION-ITALIANA-SE-REUNIO-CON-GRINDETTI-768x544.jpeg 768w, https:\/\/www.visionweb.com.ar\/wp-content\/uploads\/2022\/11\/DELEGACION-ITALIANA-SE-REUNIO-CON-GRINDETTI.jpeg 800w\" sizes=\"auto, (max-width: 300px) 100vw, 300px\" \/><strong> C<\/strong>on la mirada puesta en la educaci\u00f3n, el titular del ejecutivo lanusense, Nestor Grindetti rubric\u00f3 diferentes\u00a0 acuerdos de cooperaci\u00f3n y trabajo conjunto con un grupo de delegados, alcaldes, diputados y dirigentes empresarios italianos de las regiones de Sicilia, Lazio y La Puglia.<\/p>\n<p>A partir de la firma de los acuerdos, la intenci\u00f3n es fomentar el turismo cultural , hermandad entre ciudades y becas para estudiantes de oficios.<\/p>\n<p>Acompa\u00f1ado del diputado provincial, Adrian Urreli,el secretario de Educaci\u00f3n, Deportes y Empleo del municipio, Damian Sala y el dirigente, Vicente Perez, Grindetti estableci\u00f3 un acuerdo de cooperaci\u00f3n y trabajo conjunto con dirigentes italianos en diversos temas de gesti\u00f3n municipal.<\/p>\n<p>La delegaci\u00f3n de 16 miembros proveniente de distintas regiones del sur de Italia se interes\u00f3 en el desarrollo del \u00abdistrito comercial Lanusita\u00bb y en las escuelas de formaci\u00f3n en oficios que tiene el municipio donde se realiza un fuerte v\u00ednculo p\u00fablico- privado.<\/p>\n<p>Entre los participantes se encontraban, el diputado por la regi\u00f3n de Sicilia, Giuseppe Apprendi, el alcalde de Petralia Sotana, Geraci Gabriele, representante del alcalde de la ciudad de Palermo, Luca Nunziatina, entre otros dirigentes.<\/p>\n<p>\u00abEste ha sido un primer acercamiento con diputados y dirigentes empresarios del sur de Italia que vinieron\u00a0 a visitar nuestro pa\u00eds y hemos establecido un primer contacto para desarrollar pol\u00edticas p\u00fablicas conjuntas en torno al turismo cultural y al desarrollo de oficios sobre todo en el \u00e1rea de servicios como la gastronom\u00eda\u00bb, expres\u00f3 Grindetti.<\/p>\n<p>Cabe destacar que desde\u00a0 2018, el municipio de Lan\u00fas mantiene un convenio de hermandad con la comuna de Nizza di Sicilia, ciudad del sur de Italia.<\/p>\n<p>En aquella oportunidad se inaugur\u00f3 una plaza de juegos con el nombre de dicha comuna italiana en el vel\u00f3dromo municipal de Escalada<strong>(VW)<\/strong>.<\/p>\n","protected":false},"excerpt":{"rendered":"<p>La delegaci\u00f3n de 16 miembros proveniente de distintas regiones del sur de Italia se interes\u00f3 en el desarrollo del \u00abDistrito comercial Lanusita\u00bb<\/p>\n","protected":false},"author":3,"featured_media":8254,"comment_status":"closed","ping_status":"closed","sticky":false,"template":"","format":"standard","meta":{"_monsterinsights_skip_tracking":false,"_monsterinsights_sitenote_active":false,"_monsterinsights_sitenote_note":"","_monsterinsights_sitenote_category":0,"footnotes":""},"categories":[7],"tags":[3443,3444,18,3445,890],"class_list":["post-8253","post","type-post","status-publish","format-standard","has-post-thumbnail","hentry","category-educacion-y-cultura","tag-delegacion","tag-empresario","tag-grindetti","tag-italiai","tag-legisladores"],"_links":{"self":[{"href":"https:\/\/www.visionweb.com.ar\/index.php?rest_route=\/wp\/v2\/posts\/8253","targetHints":{"allow":["GET"]}}],"collection":[{"href":"https:\/\/www.visionweb.com.ar\/index.php?rest_route=\/wp\/v2\/posts"}],"about":[{"href":"https:\/\/www.visionweb.com.ar\/index.php?rest_route=\/wp\/v2\/types\/post"}],"author":[{"embeddable":true,"href":"https:\/\/www.visionweb.com.ar\/index.php?rest_route=\/wp\/v2\/users\/3"}],"replies":[{"embeddable":true,"href":"https:\/\/www.visionweb.com.ar\/index.php?rest_route=%2Fwp%2Fv2%2Fcomments&post=8253"}],"version-history":[{"count":3,"href":"https:\/\/www.visionweb.com.ar\/index.php?rest_route=\/wp\/v2\/posts\/8253\/revisions"}],"predecessor-version":[{"id":8257,"href":"https:\/\/www.visionweb.com.ar\/index.php?rest_route=\/wp\/v2\/posts\/8253\/revisions\/8257"}],"wp:featuredmedia":[{"embeddable":true,"href":"https:\/\/www.visionweb.com.ar\/index.php?rest_route=\/wp\/v2\/media\/8254"}],"wp:attachment":[{"href":"https:\/\/www.visionweb.com.ar\/index.php?rest_route=%2Fwp%2Fv2%2Fmedia&parent=8253"}],"wp:term":[{"taxonomy":"category","embeddable":true,"href":"https:\/\/www.visionweb.com.ar\/index.php?rest_route=%2Fwp%2Fv2%2Fcategories&post=8253"},{"taxonomy":"post_tag","embeddable":true,"href":"https:\/\/www.visionweb.com.ar\/index.php?rest_route=%2Fwp%2Fv2%2Ftags&post=8253"}],"curies":[{"name":"wp","href":"https:\/\/api.w.org\/{rel}","templated":true}]}}