{"id":8242,"date":"2022-11-17T11:14:26","date_gmt":"2022-11-17T14:14:26","guid":{"rendered":"https:\/\/www.visionweb.com.ar\/?p=8242"},"modified":"2022-11-17T11:20:09","modified_gmt":"2022-11-17T14:20:09","slug":"presentan-el-primer-sistema-provincial-de-indicadores-estadisticos-con-perspectiva-de-genero","status":"publish","type":"post","link":"https:\/\/www.visionweb.com.ar\/?p=8242","title":{"rendered":"Presentan el primer sistema provincial de indicadores estad\u00edsticos con perspectiva de g\u00e9nero"},"content":{"rendered":"<p><em><strong>La nueva herramienta permitir\u00e1 determinar\u00a0 permiten medir brechas de g\u00e9nero en la Provincia, con el objetivo de que sirvan de insumo para el dise\u00f1o y la elaboraci\u00f3n de estrategias orientadas a reducir brechas de desigualdad.<\/strong><\/em><!--more-->\u00a0 \u00a0 \u00a0 \u00a0 <strong>E<\/strong>l gobierno bonaerense present\u00f3 en sociedad el primer sistema de indicadores con perspectiva de g\u00e9nero de la Provincia de Buenos Aires (SIPG-PBA).<\/p>\n<p>El SIPG-PBA es una herramienta de pol\u00edtica p\u00fablica que centraliza, organiza, construye y difunde estad\u00edsticas que permiten medir brechas de g\u00e9nero en la Provincia, con el objetivo de que sirvan de insumo para el dise\u00f1o y la elaboraci\u00f3n de estrategias orientadas a reducir brechas de desigualdad.<\/p>\n<p>La presentaci\u00f3n de la nueva herramienta estuvo a cargo del gobernador Axel Kichillof y la \u00a0ministra de Mujeres, Pol\u00edticas de G\u00e9nero y Diversidad Sexual, Estela D\u00edaz, en un acto que se realiz\u00f3 en Casa de Gobierno.<\/p>\n<p>En ese marco, Kicillof destac\u00f3 que \u201cesta iniciativa es una manifestaci\u00f3n de uno de los principales desaf\u00edos que tiene el Estado provincial: que las pol\u00edticas de g\u00e9nero no sean una materia exclusiva de un Ministerio, sino que abarquen a todas las \u00e1reas\u201d.<\/p>\n<p><strong>Pol\u00edticas cuantificables<\/strong><\/p>\n<p>\u201cEl objetivo central de esta base de datos es que se utilice y se ampl\u00ede para que las pol\u00edticas, adem\u00e1s de partir desde un diagn\u00f3stico claro, sean cuantificables y ayuden a medir los resultados\u201d, se\u00f1al\u00f3 el Gobernador, al tiempo que valor\u00f3 que \u201cla meta es que, con cada actualizaci\u00f3n, estos indicadores puedan ir mejorando y dando cuenta de una reducci\u00f3n de las desigualdades\u201d.<\/p>\n<p>Del encuentro participaron tambi\u00e9n el ministro de Hacienda y Finanzas, Pablo L\u00f3pez, la Vicegobernadora Ver\u00f3nica Magario, y la Ministra de Mujeres, G\u00e9neros y Diversidad de la Naci\u00f3n, Ayel\u00e9n Mazzina<\/p>\n<p>El SIPG-PBA est\u00e1 situado en la Provincia y cuenta con m\u00e1s de 12 organismos participantes y m\u00e1s de 400 indicadores espec\u00edficos, que marcan un hito en la historia de las pol\u00edticas p\u00fablicas de la provincia de Buenos Aires, ya que es el primero con estas caracter\u00edsticas y dimensiones.<\/p>\n<p>A trav\u00e9s del sitio\u00a0 <em><a href=\"https:\/\/www.sipg.ec.gba.gov.ar\/\" target=\"_blank\" rel=\"noopener noreferrer\">https:\/\/www.sipg.ec.gba.gov.ar\/<\/a><\/em>, y con el objetivo de garantizar que la poblaci\u00f3n tenga acceso a datos adecuados y pertinentes sobre las desigualdades de g\u00e9nero, se organiza la informaci\u00f3n en cinco dimensiones clave.<\/p>\n<p>Para la clasificaci\u00f3n de estas dimensiones se tuvo en cuenta la dimensi\u00f3n demogr\u00e1fica, con indicadores que describen la estructura y din\u00e1mica demogr\u00e1fica de la poblaci\u00f3n bonaerense; la econ\u00f3mica, que cuantifica las desigualdades entre varones y mujeres en relaci\u00f3n a las posibilidades de generar ingresos y recursos propios.<\/p>\n<p>Adem\u00e1s se tuvo en cuenta: la f\u00edsica, que mide el grado de respeto o vulneraci\u00f3n a derechos de las personas sobre su cuerpo, y su salud f\u00edsica, emocional y mental; la dimensi\u00f3n toma de decisiones, que observa la participaci\u00f3n de las mujeres en los distintos niveles de los poderes del Estado; y la dimensi\u00f3n Estado, que visualiza el rol del sector p\u00fablico en la consecuci\u00f3n de la equidad de g\u00e9nero y como generador de herramientas de pol\u00edtica p\u00fablica para la disminuci\u00f3n de las brechas de g\u00e9nero.<\/p>\n<p>El Ministro Pablo L\u00f3pez asegur\u00f3 que: \u201cLa transversalidad\u00a0 de la perspectiva de g\u00e9nero es un eje estrat\u00e9gico desde el inicio de nuestro gobierno, porque entendemos que resulta urgente hacer frente a las desigualdades estructurales de nuestra Provincia promoviendo la inclusi\u00f3n y la justicia social\u00bb.<\/p>\n<p><strong>Enfoque<\/strong><\/p>\n<p>Para lograrlo, \u00abel enfoque de g\u00e9nero debe atravesar a cada sector y pol\u00edtica que se implemente desde el Estado. En ese sentido, el Presupuesto con Perspectiva de G\u00e9nero y el Sistema de Indicadores con Perspectiva de G\u00e9nero son herramientas que constituyen hitos en nuestra Provincia\u00bb, afirm\u00f3.<\/p>\n<p>La Ministra Estela D\u00edaz asegur\u00f3 que: \u201cEntre los desaf\u00edos que tenemos y el impacto favorable que esto va a tener en el dise\u00f1o de la pol\u00edtica p\u00fablica tambi\u00e9n esperamos que incida en otro aspecto que para nosotras es central en la construcci\u00f3n de las pol\u00edticas de g\u00e9nero en la Provincia: la transversalidad de la perspectiva de g\u00e9nero en la territorialidad, que la informaci\u00f3n de cuenta de lo m\u00e1s local porque es all\u00ed, en el lugar de cercan\u00eda, donde viven las, les y los bonaerenses donde tenemos que mirar c\u00f3mo trabajamos todos y cada uno de los d\u00edas para que las brechas de g\u00e9nero se reduzcan.\u201d <strong>(VW)<\/strong><\/p>\n<p>&nbsp;<\/p>\n","protected":false},"excerpt":{"rendered":"<p>La nueva herramienta permitir\u00e1 determinar\u00a0 permiten medir brechas de g\u00e9nero en la Provincia, con el objetivo de que sirvan de insumo para el dise\u00f1o y la elaboraci\u00f3n de estrategias orientadas a reducir brechas de&#46;&#46;&#46;<\/p>\n","protected":false},"author":3,"featured_media":8252,"comment_status":"closed","ping_status":"closed","sticky":false,"template":"","format":"standard","meta":{"_monsterinsights_skip_tracking":false,"_monsterinsights_sitenote_active":false,"_monsterinsights_sitenote_note":"","_monsterinsights_sitenote_category":0,"footnotes":""},"categories":[5],"tags":[3442,418,1617],"class_list":["post-8242","post","type-post","status-publish","format-standard","has-post-thumbnail","hentry","category-sociedad","tag-datos","tag-genero","tag-integracion"],"_links":{"self":[{"href":"https:\/\/www.visionweb.com.ar\/index.php?rest_route=\/wp\/v2\/posts\/8242","targetHints":{"allow":["GET"]}}],"collection":[{"href":"https:\/\/www.visionweb.com.ar\/index.php?rest_route=\/wp\/v2\/posts"}],"about":[{"href":"https:\/\/www.visionweb.com.ar\/index.php?rest_route=\/wp\/v2\/types\/post"}],"author":[{"embeddable":true,"href":"https:\/\/www.visionweb.com.ar\/index.php?rest_route=\/wp\/v2\/users\/3"}],"replies":[{"embeddable":true,"href":"https:\/\/www.visionweb.com.ar\/index.php?rest_route=%2Fwp%2Fv2%2Fcomments&post=8242"}],"version-history":[{"count":1,"href":"https:\/\/www.visionweb.com.ar\/index.php?rest_route=\/wp\/v2\/posts\/8242\/revisions"}],"predecessor-version":[{"id":8251,"href":"https:\/\/www.visionweb.com.ar\/index.php?rest_route=\/wp\/v2\/posts\/8242\/revisions\/8251"}],"wp:featuredmedia":[{"embeddable":true,"href":"https:\/\/www.visionweb.com.ar\/index.php?rest_route=\/wp\/v2\/media\/8252"}],"wp:attachment":[{"href":"https:\/\/www.visionweb.com.ar\/index.php?rest_route=%2Fwp%2Fv2%2Fmedia&parent=8242"}],"wp:term":[{"taxonomy":"category","embeddable":true,"href":"https:\/\/www.visionweb.com.ar\/index.php?rest_route=%2Fwp%2Fv2%2Fcategories&post=8242"},{"taxonomy":"post_tag","embeddable":true,"href":"https:\/\/www.visionweb.com.ar\/index.php?rest_route=%2Fwp%2Fv2%2Ftags&post=8242"}],"curies":[{"name":"wp","href":"https:\/\/api.w.org\/{rel}","templated":true}]}}