{"id":8235,"date":"2022-11-17T09:16:05","date_gmt":"2022-11-17T12:16:05","guid":{"rendered":"https:\/\/www.visionweb.com.ar\/?p=8235"},"modified":"2022-11-17T09:16:05","modified_gmt":"2022-11-17T12:16:05","slug":"presupuesto-2023-el-senado-convirtio-en-ley-el-proyecto-sin-la-oposicion","status":"publish","type":"post","link":"https:\/\/www.visionweb.com.ar\/?p=8235","title":{"rendered":"Presupuesto 2023: el Senado convirti\u00f3 en ley el proyecto sin la oposici\u00f3n"},"content":{"rendered":"<p><em><strong>Con 37 votos del Frente de Todos y aliados, y con la ausencia de la oposici\u00f3n, el Presupuesto que prev\u00e9 un gasto global de casi $29 billones ya es ley.<\/strong><\/em><!--more--><\/p>\n<p><strong><img loading=\"lazy\" decoding=\"async\" class=\"size-medium wp-image-8237 alignleft\" src=\"https:\/\/www.visionweb.com.ar\/wp-content\/uploads\/2022\/11\/senado-presup-2023-300x220.jpg\" alt=\"\" width=\"300\" height=\"220\" srcset=\"https:\/\/www.visionweb.com.ar\/wp-content\/uploads\/2022\/11\/senado-presup-2023-300x220.jpg 300w, https:\/\/www.visionweb.com.ar\/wp-content\/uploads\/2022\/11\/senado-presup-2023.bmp 615w\" sizes=\"auto, (max-width: 300px) 100vw, 300px\" \/>E<\/strong>l Senado de la Naci\u00f3n convirti\u00f3 en ley el Presupuesto 2023 ayer por la tarde, con <strong>37 votos afirmativos, sin votos negativos ni abstenciones por la ausencia de la oposici\u00f3n<\/strong>. El Proyecto contempla un gasto total de casi 29 billones de pesos,\u00a0<strong>un crecimiento de la econom\u00eda del 2%, una inflaci\u00f3n proyectada del 60%, un tipo de cambio de 218,90 pesos<\/strong><strong>\u00a0<\/strong>por d\u00f3lar y una reducci\u00f3n del d\u00e9ficit fiscal del 2,5 al 1,9%.<\/p>\n<p>La sesi\u00f3n se realiz\u00f3 en medio de una\u00a0<strong>pol\u00e9mica ya que la oposici\u00f3n decidi\u00f3 no bajar al recinto luego<\/strong><strong>\u00a0<\/strong>de que el kirchnerismo avanz\u00f3 con la designaci\u00f3n de Mart\u00edn Do\u00f1ate en el Consejo de la Magistratura.<\/p>\n<p>Y de esta manera, en un clima de enojo por parte de la oposici\u00f3n, el oficialismo aprob\u00f3 el Presupuesto 2023, que planifica los recursos y gastos previstos por el Poder Ejecutivo para el a\u00f1o pr\u00f3ximo, con <strong>37 votos afirmativos, sin votos negativos ni abstenciones por la ausencia de la oposici\u00f3n<\/strong>.<\/p>\n<p>El proyecto original, que hab\u00eda sido presentado el Gobierno nacional a mediados del pasado mes de septiembre, obtuvo algunos cambios en tratamiento en la C\u00e1mara baja.<\/p>\n<p>El proyecto: Contempla un gasto total de casi 29 billones de pesos,\u00a0<strong>un crecimiento de la econom\u00eda del 2%, una inflaci\u00f3n proyectada del 60%, un tipo de cambio de 218,90 pesos<\/strong><strong>\u00a0<\/strong>por d\u00f3lar y una reducci\u00f3n del d\u00e9ficit fiscal del 2,5 al 1,9%.<\/p>\n<p>Adem\u00e1s, estima un aumento de la inversi\u00f3n del 2,9%, un crecimiento de las exportaciones del 7,1% y una reducci\u00f3n de la presi\u00f3n tributaria del 0,18%, pasando del 23,95% de este 2022 al 23,77% en 2023.<\/p>\n<p><a href=\"https:\/\/www.visionweb.com.ar\/wp-content\/uploads\/2022\/11\/senado-pres-2023.bmp\"><img loading=\"lazy\" decoding=\"async\" class=\"size-medium wp-image-8238 alignright\" src=\"https:\/\/www.visionweb.com.ar\/wp-content\/uploads\/2022\/11\/senado-pres-2023-300x190.jpg\" alt=\"\" width=\"300\" height=\"190\" srcset=\"https:\/\/www.visionweb.com.ar\/wp-content\/uploads\/2022\/11\/senado-pres-2023-300x190.jpg 300w, https:\/\/www.visionweb.com.ar\/wp-content\/uploads\/2022\/11\/senado-pres-2023.bmp 668w\" sizes=\"auto, (max-width: 300px) 100vw, 300px\" \/><\/a>La <strong>discusi\u00f3n<\/strong> en la C\u00e1mara alta llev\u00f3 poco m\u00e1s de una hora y media, y ante la ausencia de los integrantes de la oposici\u00f3n, el interbloque del Frente de Todos resolvi\u00f3 acortar la lista.<\/p>\n<p>El presidente de la Comisi\u00f3n de Presupuesto y Hacienda, el riojano Ricardo Guerra, describi\u00f3 al Presupuesto 2023 como \u201crealista\u201d y subray\u00f3 que \u201cpropone converger a la estabilidad econ\u00f3mica\u201d, por lo que \u201cse fijan o<strong>bjetivos referidos a fomentar el orden fiscal, propender al super\u00e1vit comercial,<\/strong>\u00a0fortalecer las reservas en el BCRA y fomentar un desarrollo con inclusi\u00f3n social\u201d.<\/p>\n<p>A la vez, Guerra destac\u00f3: \u201cNo hay que olvidar que el pa\u00eds tuvo que normalizar y encauzar u<strong>na deuda muy elevada que dej\u00f3 el gobierno anterior y nos introdujo nuevamente en el FMI,<\/strong><strong>\u00a0<\/strong>y luego una crisis sanitaria global muy costosa y dolorosa\u201d.<\/p>\n<p>Por su parte, la senadora nacional Juliana Di Tullio cuestion\u00f3 la ausencia de la oposici\u00f3n en el debate: \u201cNos piden un plan, una hoja de ruta, y\u00a0<strong>el a\u00f1o pasado sus diputados nos dejaron sin Presupuesto y este a\u00f1o no vienen<\/strong>\u00a0al recinto\u201d. Y agreg\u00f3: \u201cAunque har\u00eda muchas modificaciones, siento orgullo por el Presupuesto 2023 y entiendo que, despu\u00e9s del desastre que nos dej\u00f3 el macrismo y la pandemia,\u00a0<strong>lo que estamos haciendo es tit\u00e1nico<\/strong>\u201c.<\/p>\n<p>\u201cLamento que no est\u00e9 la oposici\u00f3n para hacerse cargo de los desastres que nosotros estamos tratando de arreglar con mucho esfuerzo.\u00a0<strong>En un escenario en el que salimos de una pandemia, con guerra y con 4 a\u00f1os de macrismo.<\/strong><strong>\u00a0<\/strong>Con 100.000 millones de d\u00f3lares de deuda, 85.000 millones fugados y un hombre que no se hace cargo del pasado, mucho menos se va a poder hacer cargo del futuro\u201d, finaliz\u00f3 Di Tullio.<\/p>\n<p>El proyecto de ley del Presupuesto 2023 hab\u00eda sido aprobado por Diputados a fines del pasado mes de octubre, luego de una extensa sesi\u00f3n en la que\u00a0<strong>el Frente de Todos logr\u00f3 sancionarlo con 180 votos<\/strong><strong>\u00a0<\/strong>positivos, 22 negativos y 49 abstenciones. <strong>(VW)<\/strong><\/p>\n<p>&nbsp;<\/p>\n","protected":false},"excerpt":{"rendered":"<p>Con 37 votos del Frente de Todos y aliados, y con la ausencia de la oposici\u00f3n, el Presupuesto que prev\u00e9 un gasto global de casi $29 billones ya es ley.<\/p>\n","protected":false},"author":4,"featured_media":8238,"comment_status":"closed","ping_status":"closed","sticky":false,"template":"","format":"standard","meta":{"_monsterinsights_skip_tracking":false,"_monsterinsights_sitenote_active":false,"_monsterinsights_sitenote_note":"","_monsterinsights_sitenote_category":0,"footnotes":""},"categories":[6,4],"tags":[3436,3435,3438,2994,3437,468],"class_list":["post-8235","post","type-post","status-publish","format-standard","has-post-thumbnail","hentry","category-economia","category-politica","tag-aprobado-el-presupuesto","tag-camara-alta","tag-juliana-di-tullio","tag-presupuesto-2023","tag-rucardo-guerra","tag-senado"],"_links":{"self":[{"href":"https:\/\/www.visionweb.com.ar\/index.php?rest_route=\/wp\/v2\/posts\/8235","targetHints":{"allow":["GET"]}}],"collection":[{"href":"https:\/\/www.visionweb.com.ar\/index.php?rest_route=\/wp\/v2\/posts"}],"about":[{"href":"https:\/\/www.visionweb.com.ar\/index.php?rest_route=\/wp\/v2\/types\/post"}],"author":[{"embeddable":true,"href":"https:\/\/www.visionweb.com.ar\/index.php?rest_route=\/wp\/v2\/users\/4"}],"replies":[{"embeddable":true,"href":"https:\/\/www.visionweb.com.ar\/index.php?rest_route=%2Fwp%2Fv2%2Fcomments&post=8235"}],"version-history":[{"count":2,"href":"https:\/\/www.visionweb.com.ar\/index.php?rest_route=\/wp\/v2\/posts\/8235\/revisions"}],"predecessor-version":[{"id":8239,"href":"https:\/\/www.visionweb.com.ar\/index.php?rest_route=\/wp\/v2\/posts\/8235\/revisions\/8239"}],"wp:featuredmedia":[{"embeddable":true,"href":"https:\/\/www.visionweb.com.ar\/index.php?rest_route=\/wp\/v2\/media\/8238"}],"wp:attachment":[{"href":"https:\/\/www.visionweb.com.ar\/index.php?rest_route=%2Fwp%2Fv2%2Fmedia&parent=8235"}],"wp:term":[{"taxonomy":"category","embeddable":true,"href":"https:\/\/www.visionweb.com.ar\/index.php?rest_route=%2Fwp%2Fv2%2Fcategories&post=8235"},{"taxonomy":"post_tag","embeddable":true,"href":"https:\/\/www.visionweb.com.ar\/index.php?rest_route=%2Fwp%2Fv2%2Ftags&post=8235"}],"curies":[{"name":"wp","href":"https:\/\/api.w.org\/{rel}","templated":true}]}}