{"id":8231,"date":"2022-11-16T16:24:35","date_gmt":"2022-11-16T19:24:35","guid":{"rendered":"https:\/\/www.visionweb.com.ar\/?p=8231"},"modified":"2022-11-16T16:26:24","modified_gmt":"2022-11-16T19:26:24","slug":"elecciones-ucr-lorden-destaco-la-ratificacion-de-abad-al-frete-del-radicalismo-provincial","status":"publish","type":"post","link":"https:\/\/www.visionweb.com.ar\/?p=8231","title":{"rendered":"Elecciones UCR: Lorden destac\u00f3 la ratificaci\u00f3n de Abad al frente del radicalismo provincial"},"content":{"rendered":"<p><strong><em>La relevancia del radicalismo bonaerense en la construcci\u00f3n nacional se manifest\u00f3 el a\u00f1o pasado, con el aporte esencial de la lista liderada por Facundo Manes.<\/em><\/strong><!--more--><\/p>\n<p><img loading=\"lazy\" decoding=\"async\" class=\"size-medium wp-image-5668 alignleft\" src=\"https:\/\/www.visionweb.com.ar\/wp-content\/uploads\/2022\/05\/Alejandra-Lorden-comision-de-genero-300x166.jpg\" alt=\"\" width=\"300\" height=\"166\" srcset=\"https:\/\/www.visionweb.com.ar\/wp-content\/uploads\/2022\/05\/Alejandra-Lorden-comision-de-genero-300x166.jpg 300w, https:\/\/www.visionweb.com.ar\/wp-content\/uploads\/2022\/05\/Alejandra-Lorden-comision-de-genero.jpg 568w\" sizes=\"auto, (max-width: 300px) 100vw, 300px\" \/>\u00a0<strong>T<\/strong>ras las elecci\u00f3n de autoridades de la UCR bonaerense, que se concret\u00f3 el domingo \u00faltimo, se renov\u00f3 por dos a\u00f1os el mandato de Maximiliano Abad y Erica Revilla.<\/p>\n<p>Adem\u00e1s se incorporaron a representantes de las otras corrientes internas en la conducci\u00f3n, en 31 distritos los afiliados votaron para definir las autoridades locales.<\/p>\n<p>En ese sentido, Alejandra Lord\u00e9n, referente de Adelante Radicales y titular de la Fundaci\u00f3n Poder, analiz\u00f3 los resultados y la actualidad del partido centenario en la Provincia de Buenos Aires.<\/p>\n<p>\u201cYa pasaron varios d\u00edas de las elecciones, las revoluciones bajan y hay mejores condiciones para analizar c\u00f3mo estamos, y sobre todo, los pasos a seguir de cara al 2023\u201d, coment\u00f3 la legisladora.<\/p>\n<p>\u201cEl dato sobresaliente es sin duda que 100 de los 135 presidentes de distrito pertenecen a nuestro espacio. Estamos muy felices por la validaci\u00f3n que recibieron las propuestas que impulsamos y el estilo que le imprimimos a la gesti\u00f3n. No se trata de una renovaci\u00f3n porque s\u00ed; los radicales saben que, despu\u00e9s de mucho tiempo, tenemos equipo, programa y liderazgos para encarar la transformaci\u00f3n de la Provincia\u201d.<\/p>\n<p>La relevancia del radicalismo bonaerense en la construcci\u00f3n nacional se manifest\u00f3 el a\u00f1o pasado, con el aporte esencial de la lista liderada por Facundo Manes, que obtuvo 1.300.000 de votos. Adem\u00e1s del neurocient\u00edfico, que dio el salto a la pol\u00edtica de la mano de Abad, el gobernador juje\u00f1o Gerardo Morales es el otro boina blanca anotado en la carrera para la Casa Rosada.<\/p>\n<p>\u201cSomos la \u00fanica fuerza pol\u00edtica de la Provincia de Buenos Aires que decide su representaci\u00f3n institucional a trav\u00e9s del voto de sus afiliados. Desde abajo hacia arriba logramos cambiar las expectativas de un partido que se hab\u00eda acostumbrado a acompa\u00f1ar. Proyectamos responsabilidad y vocaci\u00f3n de futuro frente a una gesti\u00f3n, la de Kicillof, que est\u00e1 estancada y subestima la crisis de empleo y producci\u00f3n que sufren los vecinos\u201d, expres\u00f3 Lord\u00e9n<strong>(VW)<\/strong>.<\/p>\n","protected":false},"excerpt":{"rendered":"<p>La relevancia del radicalismo bonaerense en la construcci\u00f3n nacional se manifest\u00f3 el a\u00f1o pasado, con el aporte esencial de la lista liderada por Facundo Manes.<\/p>\n","protected":false},"author":3,"featured_media":5668,"comment_status":"closed","ping_status":"closed","sticky":false,"template":"","format":"standard","meta":{"_monsterinsights_skip_tracking":false,"_monsterinsights_sitenote_active":false,"_monsterinsights_sitenote_note":"","_monsterinsights_sitenote_category":0,"footnotes":""},"categories":[4],"tags":[3129,340,3434,963,551],"class_list":["post-8231","post","type-post","status-publish","format-standard","has-post-thumbnail","hentry","category-politica","tag-abat","tag-elecciones","tag-lorden","tag-manes","tag-ucr"],"_links":{"self":[{"href":"https:\/\/www.visionweb.com.ar\/index.php?rest_route=\/wp\/v2\/posts\/8231","targetHints":{"allow":["GET"]}}],"collection":[{"href":"https:\/\/www.visionweb.com.ar\/index.php?rest_route=\/wp\/v2\/posts"}],"about":[{"href":"https:\/\/www.visionweb.com.ar\/index.php?rest_route=\/wp\/v2\/types\/post"}],"author":[{"embeddable":true,"href":"https:\/\/www.visionweb.com.ar\/index.php?rest_route=\/wp\/v2\/users\/3"}],"replies":[{"embeddable":true,"href":"https:\/\/www.visionweb.com.ar\/index.php?rest_route=%2Fwp%2Fv2%2Fcomments&post=8231"}],"version-history":[{"count":2,"href":"https:\/\/www.visionweb.com.ar\/index.php?rest_route=\/wp\/v2\/posts\/8231\/revisions"}],"predecessor-version":[{"id":8233,"href":"https:\/\/www.visionweb.com.ar\/index.php?rest_route=\/wp\/v2\/posts\/8231\/revisions\/8233"}],"wp:featuredmedia":[{"embeddable":true,"href":"https:\/\/www.visionweb.com.ar\/index.php?rest_route=\/wp\/v2\/media\/5668"}],"wp:attachment":[{"href":"https:\/\/www.visionweb.com.ar\/index.php?rest_route=%2Fwp%2Fv2%2Fmedia&parent=8231"}],"wp:term":[{"taxonomy":"category","embeddable":true,"href":"https:\/\/www.visionweb.com.ar\/index.php?rest_route=%2Fwp%2Fv2%2Fcategories&post=8231"},{"taxonomy":"post_tag","embeddable":true,"href":"https:\/\/www.visionweb.com.ar\/index.php?rest_route=%2Fwp%2Fv2%2Ftags&post=8231"}],"curies":[{"name":"wp","href":"https:\/\/api.w.org\/{rel}","templated":true}]}}