{"id":8223,"date":"2022-11-16T14:47:33","date_gmt":"2022-11-16T17:47:33","guid":{"rendered":"https:\/\/www.visionweb.com.ar\/?p=8223"},"modified":"2022-11-16T21:05:23","modified_gmt":"2022-11-17T00:05:23","slug":"despego-el-cohete-sls-finalmente-se-produjo-el-lanzamiento-de-artemis-i-a-la-luna","status":"publish","type":"post","link":"https:\/\/www.visionweb.com.ar\/?p=8223","title":{"rendered":"Despeg\u00f3 el cohete SLS: Finalmente se produjo el lanzamiento de \u201cArtemis I\u201d a la Luna"},"content":{"rendered":"<p><em><strong>El despegue se produjo a las 6.48 horas UTC, (3.48 de Argentina). Es el\u00a0mayor programa espacial\u00a0del siglo XXI. El cohete estar\u00e1 durante seis semanas alrededor de la Luna.<\/strong><\/em><!--more--><\/p>\n<p><strong> <img loading=\"lazy\" decoding=\"async\" class=\"size-medium wp-image-8226 alignright\" src=\"https:\/\/www.visionweb.com.ar\/wp-content\/uploads\/2022\/11\/artemis-I-aire-300x186.jpg\" alt=\"\" width=\"300\" height=\"186\" srcset=\"https:\/\/www.visionweb.com.ar\/wp-content\/uploads\/2022\/11\/artemis-I-aire-300x186.jpg 300w, https:\/\/www.visionweb.com.ar\/wp-content\/uploads\/2022\/11\/artemis-I-aire.bmp 755w\" sizes=\"auto, (max-width: 300px) 100vw, 300px\" \/> \u00a0 \u00a0L<\/strong>a<strong> NASA<\/strong>, agencia espacial de Estados Unidos, finalmente<strong> lanz\u00f3 este mi\u00e9rcoles 16<\/strong> de noviembre el <strong>cohete SLS<\/strong>\u00a0(Space Launch System Rocket), que despeg\u00f3 desde el Centro Espacial Kennedy de Florida. Es el m\u00e1s potente del mundo,\u00a0sin tripulaci\u00f3n\u00a0y con\u00a0<strong>destino a la Luna<\/strong>.<\/p>\n<p>El programa cuenta con el apoyo de media docena de Agencias Espaciales (entre ellas la Europea y la Mexicana).<strong> Luego seguir\u00e1n otras etapas <\/strong>y el\u00a0objetivo final\u00a0es <strong>llegar a<\/strong>\u00a0<strong>Marte en la d\u00e9cada de 2030<\/strong>.<\/p>\n<p>Con el regreso a la Luna por primera vez tras 50 a\u00f1os, se propone poner de nuevo el\u00a0<strong>foco en la investigaci\u00f3n sobre nuestro sat\u00e9lite natural y otros planetas<\/strong>.<\/p>\n<p>Despu\u00e9s de las misiones Apolo y los transbordadores espaciales, el SLS inaugura una <strong>nueva era de exploraci\u00f3n humana,<\/strong>\u00a0esta vez <strong>del espacio profundo<\/strong>.<\/p>\n<p><strong>El nuevo megacohete lunar SLS y la nave espacial Orion<\/strong>, entrar\u00e1n en una misi\u00f3n de seis semanas alrededor de la<strong> Luna.<\/strong><\/p>\n<p><strong>Artemis I<\/strong> es la primera prueba de vuelo integrada del cohete del Sistema de Lanzamiento Espacial (SLS) de la NASA, una nave espacial Ori\u00f3n sin tripulaci\u00f3n.<\/p>\n<p><strong>Esta misi\u00f3n allanar\u00e1 el camino para un vuelo de prueba tripulado <\/strong>y una futura exploraci\u00f3n lunar humana como parte del programa Artemis.<\/p>\n<p>El despegue se produjo a las 6.48 horas UTC, (3.48 de Argentina) 44 minutos m\u00e1s tarde de lo previsto.<\/p>\n<p>Luego del hurac\u00e1n Nicole, que demor\u00f3 el lanzamiento, los equipos realizaron evaluaciones exhaustivas del cohete, la nave espacial y los sistemas terrestres asociados y confirmaron que no hubo impactos significativos por el clima severo.<\/p>\n<div id=\"attachment_8227\" style=\"width: 310px\" class=\"wp-caption alignleft\"><a href=\"https:\/\/www.visionweb.com.ar\/wp-content\/uploads\/2022\/11\/artemis-I.bmp\"><img loading=\"lazy\" decoding=\"async\" aria-describedby=\"caption-attachment-8227\" class=\"wp-image-8227 size-medium\" src=\"https:\/\/www.visionweb.com.ar\/wp-content\/uploads\/2022\/11\/artemis-I-300x177.jpg\" alt=\"\" width=\"300\" height=\"177\" srcset=\"https:\/\/www.visionweb.com.ar\/wp-content\/uploads\/2022\/11\/artemis-I-300x177.jpg 300w, https:\/\/www.visionweb.com.ar\/wp-content\/uploads\/2022\/11\/artemis-I-768x454.jpg 768w, https:\/\/www.visionweb.com.ar\/wp-content\/uploads\/2022\/11\/artemis-I.bmp 789w\" sizes=\"auto, (max-width: 300px) 100vw, 300px\" \/><\/a><p id=\"caption-attachment-8227\" class=\"wp-caption-text\">Lanzamiento misi\u00f3n Artemis I. (Fotos: AFP)<\/p><\/div>\n<p>La <strong>misi\u00f3n Artemis I<\/strong> est\u00e1 compuesta por la nave espacial Orion y el cohete del Sistema de Lanzamiento Espacial (SLS, por sus siglas en ingl\u00e9s), y pretende ser el primer paso, a\u00fan sin tripulaci\u00f3n, para sucesivas misiones con el objetivo final del regreso de astronautas a la superficie de la Luna y hacer posible una presencia humana a largo plazo durante las pr\u00f3ximas d\u00e9cadas.<\/p>\n<p><strong>Los objetivos principales de Artemis I son demostrar los sistemas de\u00a0<\/strong><strong>Orion en un entorno de vuelo espacial y garantizar un reingreso, descenso, amerizaje y recuperaci\u00f3n seguros antes del primer vuelo con tripulaci\u00f3n en Artemis II<\/strong>, conforme indic\u00f3 la NASA a los medios.<\/p>\n<h3 style=\"text-align: center;\"><span style=\"color: #0000ff;\"><em><strong>La primera misi\u00f3n tripulada podr\u00eda viajar reci\u00e9n en 2024<\/strong><\/em><\/span><\/h3>\n<p>Como el vuelo no es tripulado, viajar\u00e1 en el asiento del comandante el <strong>maniqu\u00ed \u201cMoonikin Campos\u201d<\/strong>, bautizado as\u00ed en memoria de Arturo Campos, el ingeniero que tuvo un rol clave en el regreso seguro del Apolo 13 a la Tierra.<\/p>\n<p>Moonikin vestir\u00e1 con el traje completo de astronauta y estar\u00e1 acompa\u00f1ado por dos torsos llamados Helga y Zohar, que ocupar\u00e1n los dos asientos inferiores de la nave y medir\u00e1n la radiaci\u00f3n espacial que los astronautas pueden experimentar.<\/p>\n<p>En la parte inferior de Ori\u00f3n estar\u00e1 el m\u00f3dulo de servicio elaborado por la Agencia Espacial Europea (ESA), un cilindro de 4 metros de altura y de di\u00e1metro y un peso de 13 toneladas que le proporcionar\u00e1 electricidad a la nave y la impulsar\u00e1 hacia su \u00f3rbita lunar.<\/p>\n<p><strong>Reci\u00e9n para el 2024 se espera la primera misi\u00f3n tripulada con cuatro astronautas<\/strong>, la Artemis II, que tambi\u00e9n navegar\u00e1 alrededor de la Luna.<\/p>\n<p>Se prev\u00e9 que sea Artemis III la misi\u00f3n que logre el regreso del ser humano a la Luna en 2025, cuando otros cuatro astronautas desciendan en la superficie inexplorada del polo sur lunar. <strong>(VW)<\/strong><\/p>\n<p>&nbsp;<\/p>\n","protected":false},"excerpt":{"rendered":"<p>El despegue se produjo a las 6.48 horas UTC, (3.48 de Argentina). Es el\u00a0mayor programa espacial\u00a0del siglo XXI. El cohete estar\u00e1 durante seis semanas alrededor de la Luna.<\/p>\n","protected":false},"author":4,"featured_media":8227,"comment_status":"closed","ping_status":"closed","sticky":false,"template":"","format":"standard","meta":{"_monsterinsights_skip_tracking":false,"_monsterinsights_sitenote_active":false,"_monsterinsights_sitenote_note":"","_monsterinsights_sitenote_category":0,"footnotes":""},"categories":[8,1822],"tags":[3430,3433,3432,1315,198,3431],"class_list":["post-8223","post","type-post","status-publish","format-standard","has-post-thumbnail","hentry","category-interes-general","category-internacionales","tag-artemis-i","tag-cohete","tag-despegue","tag-lanzamiento","tag-nasa","tag-orbita-lunar"],"_links":{"self":[{"href":"https:\/\/www.visionweb.com.ar\/index.php?rest_route=\/wp\/v2\/posts\/8223","targetHints":{"allow":["GET"]}}],"collection":[{"href":"https:\/\/www.visionweb.com.ar\/index.php?rest_route=\/wp\/v2\/posts"}],"about":[{"href":"https:\/\/www.visionweb.com.ar\/index.php?rest_route=\/wp\/v2\/types\/post"}],"author":[{"embeddable":true,"href":"https:\/\/www.visionweb.com.ar\/index.php?rest_route=\/wp\/v2\/users\/4"}],"replies":[{"embeddable":true,"href":"https:\/\/www.visionweb.com.ar\/index.php?rest_route=%2Fwp%2Fv2%2Fcomments&post=8223"}],"version-history":[{"count":6,"href":"https:\/\/www.visionweb.com.ar\/index.php?rest_route=\/wp\/v2\/posts\/8223\/revisions"}],"predecessor-version":[{"id":8234,"href":"https:\/\/www.visionweb.com.ar\/index.php?rest_route=\/wp\/v2\/posts\/8223\/revisions\/8234"}],"wp:featuredmedia":[{"embeddable":true,"href":"https:\/\/www.visionweb.com.ar\/index.php?rest_route=\/wp\/v2\/media\/8227"}],"wp:attachment":[{"href":"https:\/\/www.visionweb.com.ar\/index.php?rest_route=%2Fwp%2Fv2%2Fmedia&parent=8223"}],"wp:term":[{"taxonomy":"category","embeddable":true,"href":"https:\/\/www.visionweb.com.ar\/index.php?rest_route=%2Fwp%2Fv2%2Fcategories&post=8223"},{"taxonomy":"post_tag","embeddable":true,"href":"https:\/\/www.visionweb.com.ar\/index.php?rest_route=%2Fwp%2Fv2%2Ftags&post=8223"}],"curies":[{"name":"wp","href":"https:\/\/api.w.org\/{rel}","templated":true}]}}