{"id":8182,"date":"2022-11-15T08:52:03","date_gmt":"2022-11-15T11:52:03","guid":{"rendered":"https:\/\/www.visionweb.com.ar\/?p=8182"},"modified":"2022-11-15T08:56:36","modified_gmt":"2022-11-15T11:56:36","slug":"el-ministro-nicolas-kreplak-presento-el-presupuesto-de-salud-para-2023","status":"publish","type":"post","link":"https:\/\/www.visionweb.com.ar\/?p=8182","title":{"rendered":"El ministro Nicol\u00e1s Kreplak present\u00f3 el Presupuesto de salud para 2023"},"content":{"rendered":"<p><strong><em>Ante legisladores y legisladoras de todos los bloques pol\u00edticos, el titular de la cartera sanitaria repas\u00f3 la partida presupuestaria.<\/em><\/strong><!--more--><\/p>\n<div id=\"attachment_8183\" style=\"width: 310px\" class=\"wp-caption alignright\"><img loading=\"lazy\" decoding=\"async\" aria-describedby=\"caption-attachment-8183\" class=\"wp-image-8183 size-medium\" src=\"https:\/\/www.visionweb.com.ar\/wp-content\/uploads\/2022\/11\/KREPLAK-PRESUPUESTO-300x200.png\" alt=\"\" width=\"300\" height=\"200\" srcset=\"https:\/\/www.visionweb.com.ar\/wp-content\/uploads\/2022\/11\/KREPLAK-PRESUPUESTO-300x200.png 300w, https:\/\/www.visionweb.com.ar\/wp-content\/uploads\/2022\/11\/KREPLAK-PRESUPUESTO-768x513.png 768w, https:\/\/www.visionweb.com.ar\/wp-content\/uploads\/2022\/11\/KREPLAK-PRESUPUESTO.png 800w\" sizes=\"auto, (max-width: 300px) 100vw, 300px\" \/><p id=\"caption-attachment-8183\" class=\"wp-caption-text\"><strong><em>El Ministro Nicol\u00e1s Kreplak, presento en el Senado bonaerense el presupuesto para su cartela para el per\u00edodo 2023 (Foto: Prensa Senado)<\/em> <\/strong><\/p><\/div>\n<p><strong>C<\/strong>on la presencia de representantes de todos los bloques de legisladores bonaerenses, el ministro de Salud, Nicol\u00e1s Kreplak, present\u00f3\u00a0 en la Sala \u201cNunca M\u00e1s\u201d del Senado bonaerense el Presupuesto para el periodo 2023 y plante\u00f3 que se elabor\u00f3 con un \u201ctrabajo de planificaci\u00f3n a mediano y largo plazo\u201d<\/p>\n<p>Estuvieron junto a Kreplak, los diputados Rub\u00e9n Eslaiman, Cesar Valicenti y la presidenta de la Comisi\u00f3n de Salud, Roxana L\u00f3pez. Por parte del Senado lo acompa\u00f1aron Teresa Garc\u00eda y Marcelo Feli\u00fa. Junto a todos ellos se hicieron presentes legisladores y legisladoras de todos los bloques pol\u00edticos a los que el ministro les respondi\u00f3 todas las preguntas.<\/p>\n<p>El ministro hizo un resumen de la gesti\u00f3n pasando por la pandemia hasta la actualidad. Afirm\u00f3 que durante la pandemia \u201cse triplicaron las camas de terapia intensiva en todos los hospitales de la provincia\u201d, entre otras pol\u00edticas aplicadas. Y respecto del corriente a\u00f1o manifest\u00f3 que van a terminar con casi 150 centros de atenci\u00f3n primaria (CAP), entre las inversiones realizadas en salud.<\/p>\n<p>Tambi\u00e9n afirm\u00f3 que durante la pandemia surgieron informaciones que lograron llevar adelante investigaciones cient\u00edficas. Tambi\u00e9n \u201cse logr\u00f3 crear un sistema de redes para dar respuesta a problemas existentes desde hace muchos a\u00f1os\u201d.<\/p>\n<p>Entre los avances destac\u00f3 que se construyeron plantas de ox\u00edgeno, se cre\u00f3 el banco de pr\u00f3tesis, las campa\u00f1as de vacunaci\u00f3n se realizaron con turnos centralizados, se cre\u00f3 un nuevo estatuto de residentes para mejorar sus condiciones laborales, continu\u00f3 el Plan Cunita para el acompa\u00f1amiento de mujeres durante el embarazo, parto y primera infancia. Hubo avances en la implementaci\u00f3n de la Ley de Salud Mental y se cre\u00f3 la red de laboratorios provincial.<\/p>\n<p>Kreplak propuso ir a un sistema de salud integrado. Y bas\u00f3 la futura gesti\u00f3n en tres ejes fundamentales, garantizar un gobierno en salud durante el proceso de atenci\u00f3n, generar un modelo de atenci\u00f3n centrado en las personas y las familias, y por \u00faltimo, desarrollar un sistema de informaci\u00f3n fortalecido por las tecnolog\u00edas.<\/p>\n<p>Para el presupuesto del pr\u00f3ximo a\u00f1o, el ministro manifest\u00f3 la ampliaci\u00f3n de las partidas sobre todo lo hecho, el fortalecimiento del sistema de emergencia provincial articulado con los municipios, la compra de 350 nuevas ambulancias y un inversi\u00f3n de niveles r\u00e9cord en infraestructura, equipamiento y servicios.<\/p>\n<p>Por \u00faltimo, y estrictamente en el \u00e1mbito legislativo, el ministro pidi\u00f3 al cuerpo legislativo la necesidad de aprobar el proyecto del Poder Ejecutivo, que se encuentra en la C\u00e1mara de Diputados, y \u00a0que busca transformar en Sociedad del Estado al Instituto Biol\u00f3gico \u201cDr. Tom\u00e1s Per\u00f3n\u201d.<\/p>\n<p>La modalidad tendr\u00e1 como objetivo la producci\u00f3n, comercializaci\u00f3n y distribuci\u00f3n de medicamentos, vacunas, insumos m\u00e9dicos y otros productos sanitarios(VW).<\/p>\n","protected":false},"excerpt":{"rendered":"<p>Ante legisladores y legisladoras de todos los bloques pol\u00edticos, el titular de la cartera sanitaria repas\u00f3 la partida presupuestaria.<\/p>\n","protected":false},"author":3,"featured_media":8183,"comment_status":"closed","ping_status":"closed","sticky":false,"template":"","format":"standard","meta":{"_monsterinsights_skip_tracking":false,"_monsterinsights_sitenote_active":false,"_monsterinsights_sitenote_note":"","_monsterinsights_sitenote_category":0,"footnotes":""},"categories":[1],"tags":[],"class_list":["post-8182","post","type-post","status-publish","format-standard","has-post-thumbnail","hentry","category-uncategorized"],"_links":{"self":[{"href":"https:\/\/www.visionweb.com.ar\/index.php?rest_route=\/wp\/v2\/posts\/8182","targetHints":{"allow":["GET"]}}],"collection":[{"href":"https:\/\/www.visionweb.com.ar\/index.php?rest_route=\/wp\/v2\/posts"}],"about":[{"href":"https:\/\/www.visionweb.com.ar\/index.php?rest_route=\/wp\/v2\/types\/post"}],"author":[{"embeddable":true,"href":"https:\/\/www.visionweb.com.ar\/index.php?rest_route=\/wp\/v2\/users\/3"}],"replies":[{"embeddable":true,"href":"https:\/\/www.visionweb.com.ar\/index.php?rest_route=%2Fwp%2Fv2%2Fcomments&post=8182"}],"version-history":[{"count":2,"href":"https:\/\/www.visionweb.com.ar\/index.php?rest_route=\/wp\/v2\/posts\/8182\/revisions"}],"predecessor-version":[{"id":8185,"href":"https:\/\/www.visionweb.com.ar\/index.php?rest_route=\/wp\/v2\/posts\/8182\/revisions\/8185"}],"wp:featuredmedia":[{"embeddable":true,"href":"https:\/\/www.visionweb.com.ar\/index.php?rest_route=\/wp\/v2\/media\/8183"}],"wp:attachment":[{"href":"https:\/\/www.visionweb.com.ar\/index.php?rest_route=%2Fwp%2Fv2%2Fmedia&parent=8182"}],"wp:term":[{"taxonomy":"category","embeddable":true,"href":"https:\/\/www.visionweb.com.ar\/index.php?rest_route=%2Fwp%2Fv2%2Fcategories&post=8182"},{"taxonomy":"post_tag","embeddable":true,"href":"https:\/\/www.visionweb.com.ar\/index.php?rest_route=%2Fwp%2Fv2%2Ftags&post=8182"}],"curies":[{"name":"wp","href":"https:\/\/api.w.org\/{rel}","templated":true}]}}