{"id":8174,"date":"2022-11-14T13:35:38","date_gmt":"2022-11-14T16:35:38","guid":{"rendered":"https:\/\/www.visionweb.com.ar\/?p=8174"},"modified":"2022-11-14T13:35:38","modified_gmt":"2022-11-14T16:35:38","slug":"14-de-noviembre-dia-mundial-de-la-diabetes","status":"publish","type":"post","link":"https:\/\/www.visionweb.com.ar\/?p=8174","title":{"rendered":"14 de noviembre: D\u00eda Mundial de la Diabetes"},"content":{"rendered":"<p><em><strong>La fecha fue creada por la OMS y busca concientizar sobre esta enfermedad y sus formas de prevenci\u00f3n.<\/strong><\/em><!--more--><\/p>\n<p><strong>\u00a0<\/strong>\u00a0 <img loading=\"lazy\" decoding=\"async\" class=\"size-medium wp-image-8176 alignleft\" src=\"https:\/\/www.visionweb.com.ar\/wp-content\/uploads\/2022\/11\/Diabetes-300x171.jpg\" alt=\"\" width=\"300\" height=\"171\" srcset=\"https:\/\/www.visionweb.com.ar\/wp-content\/uploads\/2022\/11\/Diabetes-300x171.jpg 300w, https:\/\/www.visionweb.com.ar\/wp-content\/uploads\/2022\/11\/Diabetes.bmp 702w\" sizes=\"auto, (max-width: 300px) 100vw, 300px\" \/>\u00a0\u00a0\u00a0 <strong>C<\/strong>ada 14 de noviembre\u00a0se conmemora el<strong>\u00a0<\/strong><strong>D\u00eda Mundial de la Diabetes<\/strong><strong>\u00a0<\/strong>en busca crear conciencia sobre su impacto en la salud de las personas e informar acerca de su prevenci\u00f3n,\u00a0diagn\u00f3stico y manejo.<\/p>\n<p>Se trata de una fecha establecida por la\u00a0<strong>Federaci\u00f3n Internacional de Diabetes (FID)<\/strong><strong>\u00a0<\/strong>y la\u00a0<strong>Organizaci\u00f3n Mundial de la Salud (OMS)<\/strong><strong>\u00a0<\/strong>en 1991, ante la preocupaci\u00f3n por el aumento en la incidencia de la diabetes alrededor del mundo.<\/p>\n<p>La diabetes es una enfermedad que se produce cuando el<strong>\u00a0<\/strong><strong>nivel de az\u00facar en la sangre es demasiado alto<\/strong>. La\u00a0<strong>insulina<\/strong>\u00a0es una hormona que produce el p\u00e1ncreas y ayuda a que la glucosa de los alimentos entre a las c\u00e9lulas para usarse como energ\u00eda. Algunas veces,\u00a0<strong>el p\u00e1ncreas no produce lo suficiente o no produce nada<\/strong>, y la glucosa queda en la sangre y<strong>\u00a0<\/strong><strong>no llega a las c\u00e9lulas<\/strong>.<\/p>\n<p>Seg\u00fan las Naciones Unidas desde 1980 el n\u00famero de personas con diabetes en el mundo casi se ha cuadruplicado. La diabetes<strong>\u00a0<\/strong>es la cuarta causa de muerte en Am\u00e9rica Latina\u00a0y todos los tipos de diabetes pueden provocar complicaciones en diversas partes del organismo e incrementar el riesgo de muerte prematura.\u00a0Adem\u00e1s, provoca el aumento de factores de riesgo, como el sobrepeso o la obesidad.<\/p>\n<p>El <strong>D\u00eda<\/strong> se eligi\u00f3 porque coincide con el aniversario de Frederick Banting, que junto a Charles Best concibi\u00f3 la idea que los conducir\u00eda al descubrimiento de la insulina,\u00a0en octubre de 1921. En 2007, Naciones Unidas celebr\u00f3 por primera vez este d\u00eda tras la aprobaci\u00f3n de la Resoluci\u00f3n en diciembre de 2006 del D\u00eda Mundial de la Diabetes.<\/p>\n<p>Seg\u00fan la Fundaci\u00f3n para la Diabetes, desde 1980 el n\u00famero de personas con <strong>diabetes en el mundo casi se ha cuadruplicado, especialmente en los pa\u00edses de medios y bajos ingresos<\/strong>. \u00abEste peligroso aumento se debe en parte al aumento de personas con sobrepeso y obesidad y a la inactividad f\u00edsica en general\u00bb, sostienen.<\/p>\n<p><img loading=\"lazy\" decoding=\"async\" class=\"size-medium wp-image-8177 alignright\" src=\"https:\/\/www.visionweb.com.ar\/wp-content\/uploads\/2022\/11\/diabetes-logo-286x300.jpg\" alt=\"\" width=\"286\" height=\"300\" srcset=\"https:\/\/www.visionweb.com.ar\/wp-content\/uploads\/2022\/11\/diabetes-logo-286x300.jpg 286w, https:\/\/www.visionweb.com.ar\/wp-content\/uploads\/2022\/11\/diabetes-logo.jpg 330w\" sizes=\"auto, (max-width: 286px) 100vw, 286px\" \/>El <strong>logo de la diabetes<\/strong> es un <strong>c\u00edculo azul<\/strong> y se cre\u00f3 como parte de la campa\u00f1a de concientizaci\u00f3n (Unidos por la Diabetes\u201d.<\/p>\n<p>Este logotipo identificatorio fue adoptado en 2007 para conmemorar la aprobaci\u00f3n de la Resoluci\u00f3n de Naciones Unidas sobre el D\u00eda Mundial de la Diabetes.<\/p>\n<p>El significado del s\u00edmbolo del c\u00edrculo azul es positivo ya que en muchas culturas, <strong>el c\u00edrculo simboliza la vida y la salud<\/strong>. El color <strong>azul representa el cielo que une a todas las naciones<\/strong>, y es el color de la bandera de Naciones Unidas; mientras que el c\u00edrculo azul simboliza la unidad de la comunidad internacional de la diabetes en respuesta a la pandemia de la diabetes.<\/p>\n<p>Mientras tanto, el lema 2022 es <strong>\u201cEducaci\u00f3n para proteger el ma\u00f1ana\u201d<\/strong>,\u00a0seg\u00fan lo explica la Organizaci\u00f3n Panamericana de la Salud (OPS). El organismo alerta sobre la necesidad de fortalecer \u00abel acceso a una educaci\u00f3n en diabetes de calidad tanto para el equipo de salud como para las personas que viven con diabetes, sus cuidadores y la sociedad en general\u00bb.<\/p>\n<p>Este 2022, la OPS presentar\u00e1 el<em>\u00a0<\/em><strong>Panorama de la diabetes en las Am\u00e9ricas<\/strong>, un nuevo informe t\u00e9cnico que integra datos de varias fuentes sobre indicadores clave para la Regi\u00f3n, incluida la mortalidad por diabetes, su prevalencia y las respuestas nacionales a esta enfermedad.<\/p>\n<p>S\u00edntomas y prevenci\u00f3n de la enfermedad:\u00a0El Ministerio de Salud de la Naci\u00f3n, explica en su p\u00e1gina oficial que la diabetes se detecta a trav\u00e9s del an\u00e1lisis de glucemia en ayunas, en sangre venosa. Se trata de una enfermedad que puede presentarse de manera silenciosa, aunque los s\u00edntomas pueden ser aumento de sed, de la producci\u00f3n de orina y apetito, p\u00e9rdida de peso y sequedad en la boca.<\/p>\n<p>Algunos de los consejos de prevenci\u00f3n de la diabetes que recomienda la cartera sanitaria argentina son:<\/p>\n<p>Mantener un peso adecuado y evitar el sobrepeso.<\/p>\n<p>Sumar 30 minutos diarios de actividad f\u00edsica continua o acumulada.<\/p>\n<p>No fumar.<\/p>\n<p>Incorporar h\u00e1bitos alimentarios saludables. <strong>(VW)<\/strong><\/p>\n","protected":false},"excerpt":{"rendered":"<p>La fecha fue creada por la OMS y busca concientizar sobre esta enfermedad y sus formas de prevenci\u00f3n.<\/p>\n","protected":false},"author":4,"featured_media":8177,"comment_status":"closed","ping_status":"closed","sticky":false,"template":"","format":"standard","meta":{"_monsterinsights_skip_tracking":false,"_monsterinsights_sitenote_active":false,"_monsterinsights_sitenote_note":"","_monsterinsights_sitenote_category":0,"footnotes":""},"categories":[8],"tags":[1292,3415,3416,1899,1442,3417],"class_list":["post-8174","post","type-post","status-publish","format-standard","has-post-thumbnail","hentry","category-interes-general","tag-14-de-noviembre","tag-dia-mundial-de-la-diabetes","tag-fid","tag-ministerio-de-salud","tag-oms","tag-ops"],"_links":{"self":[{"href":"https:\/\/www.visionweb.com.ar\/index.php?rest_route=\/wp\/v2\/posts\/8174","targetHints":{"allow":["GET"]}}],"collection":[{"href":"https:\/\/www.visionweb.com.ar\/index.php?rest_route=\/wp\/v2\/posts"}],"about":[{"href":"https:\/\/www.visionweb.com.ar\/index.php?rest_route=\/wp\/v2\/types\/post"}],"author":[{"embeddable":true,"href":"https:\/\/www.visionweb.com.ar\/index.php?rest_route=\/wp\/v2\/users\/4"}],"replies":[{"embeddable":true,"href":"https:\/\/www.visionweb.com.ar\/index.php?rest_route=%2Fwp%2Fv2%2Fcomments&post=8174"}],"version-history":[{"count":2,"href":"https:\/\/www.visionweb.com.ar\/index.php?rest_route=\/wp\/v2\/posts\/8174\/revisions"}],"predecessor-version":[{"id":8178,"href":"https:\/\/www.visionweb.com.ar\/index.php?rest_route=\/wp\/v2\/posts\/8174\/revisions\/8178"}],"wp:featuredmedia":[{"embeddable":true,"href":"https:\/\/www.visionweb.com.ar\/index.php?rest_route=\/wp\/v2\/media\/8177"}],"wp:attachment":[{"href":"https:\/\/www.visionweb.com.ar\/index.php?rest_route=%2Fwp%2Fv2%2Fmedia&parent=8174"}],"wp:term":[{"taxonomy":"category","embeddable":true,"href":"https:\/\/www.visionweb.com.ar\/index.php?rest_route=%2Fwp%2Fv2%2Fcategories&post=8174"},{"taxonomy":"post_tag","embeddable":true,"href":"https:\/\/www.visionweb.com.ar\/index.php?rest_route=%2Fwp%2Fv2%2Ftags&post=8174"}],"curies":[{"name":"wp","href":"https:\/\/api.w.org\/{rel}","templated":true}]}}