{"id":8166,"date":"2022-11-14T09:21:16","date_gmt":"2022-11-14T12:21:16","guid":{"rendered":"https:\/\/www.visionweb.com.ar\/?p=8166"},"modified":"2022-11-14T09:21:16","modified_gmt":"2022-11-14T12:21:16","slug":"buenos-aires-declaro-la-emergencia-agropecuaria-por-la-sequia","status":"publish","type":"post","link":"https:\/\/www.visionweb.com.ar\/?p=8166","title":{"rendered":"Buenos Aires declar\u00f3 la emergencia agropecuaria por la sequ\u00eda"},"content":{"rendered":"<p><em><strong>En el marco de una reuni\u00f3n con representantes de entidades rurales, se presentaron instrumentos de financiamiento\u00a0para abordar la situaci\u00f3n, orientados especialmente a peque\u00f1os y medianos productores.<\/strong><\/em><!--more--><\/p>\n<div id=\"attachment_8167\" style=\"width: 310px\" class=\"wp-caption alignright\"><img loading=\"lazy\" decoding=\"async\" aria-describedby=\"caption-attachment-8167\" class=\"wp-image-8167 size-medium\" src=\"https:\/\/www.visionweb.com.ar\/wp-content\/uploads\/2022\/11\/EMERGENCIA-AGROPECUARIA-300x215.png\" alt=\"\" width=\"300\" height=\"215\" srcset=\"https:\/\/www.visionweb.com.ar\/wp-content\/uploads\/2022\/11\/EMERGENCIA-AGROPECUARIA-300x215.png 300w, https:\/\/www.visionweb.com.ar\/wp-content\/uploads\/2022\/11\/EMERGENCIA-AGROPECUARIA-768x551.png 768w, https:\/\/www.visionweb.com.ar\/wp-content\/uploads\/2022\/11\/EMERGENCIA-AGROPECUARIA.png 800w\" sizes=\"auto, (max-width: 300px) 100vw, 300px\" \/><p id=\"caption-attachment-8167\" class=\"wp-caption-text\"><strong><em>La Mesa Agropecuaria provincial, se reuni\u00f3 con el gobernador Kicillof y el Ministro Rodr\u00edguez para escuchar la declaraci\u00f3n de emergencia agropecuaria (Foto: Prensa PBA<\/em><\/strong>)<\/p><\/div>\n<p><strong>\u00a0 \u00a0 \u00a0 \u00a0 \u00a0 \u00a0E<\/strong>l estado bonaerense declar\u00f3 la emergencia y\/o desastre agropecuario para trece distritos\u00a0 que fueron afectados por la sequ\u00eda, con p\u00e9rdidas consideradas millonarias, anunci\u00f3 el gobernador Axel Kicillof,\u00a0 este viernes.<\/p>\n<p>La declaraci\u00f3n de emergencia y\/o desastre agropecuario por la sequ\u00eda, alcanza a los distritos de San Pedro, Rojas, Salto, Ramallo, Jun\u00edn, Arrecifes, Alberti, Chascom\u00fas, Suipacha, Lobos, San Vicente, Magdalena y Dolores.<\/p>\n<p>El anuncio oficial, que se conoci\u00f3 el s\u00e1bado \u00faltimo, se hizo durante un encuentro con representantes de entidades rurales, del que tambi\u00e9n participaron el ministro de Desarrollo Agrario, Javier Rodr\u00edguez, y el presidente del Banco Provincia, Juan Cuattromo.<\/p>\n<p>\u201cCon la declaraci\u00f3n de la emergencia, estamos dando una respuesta al sector porque comprendemos la situaci\u00f3n que est\u00e1 atravesando y desde el Estado tenemos la voluntad de contribuir y ayudar a los productores afectados\u201d, explic\u00f3 Kicillof y agreg\u00f3: \u201cActuamos r\u00e1pidamente e iremos evaluando c\u00f3mo contin\u00faa la situaci\u00f3n, manteniendo siempre nuestro compromiso con la producci\u00f3n en toda la provincia de Buenos Aires\u201d.<\/p>\n<p>Estuvieron presentes autoridades de CARBAP, CONINAGRO, Federaci\u00f3n Agraria, FEBAPRI, Sociedad Rural Argentina, Agricultura Familiar, FECOFE y UATRE.<\/p>\n<p><strong>Los programas de apoyo<\/strong><\/p>\n<p>En tanto, el Gobernador subray\u00f3 \u201cel rol que est\u00e1 teniendo el Banco Provincia, que ha recuperado en los \u00faltimos a\u00f1os su rol de apoyo al sector productivo\u201d, e hizo menci\u00f3n a los programas que impulsa la Provincia para contribuir tambi\u00e9n con la mejora de los caminos rurales y la seguridad en el \u00e1mbito de la ruralidad.<\/p>\n<p>De acuerdo con las recomendaciones y resoluciones de la Comisi\u00f3n Provincial de Emergencia y Desastre Agropecuario (CEDABA), el Gobernador declar\u00f3 hasta fin de a\u00f1o el estado de emergencia y\/o desastre agropecuario por sequ\u00eda.<\/p>\n<p>Los productores que consideraron afectadas sus producciones entre el 50% y el 79% de su producci\u00f3n o capacidad de producci\u00f3n, ser\u00e1n considerados en estado de Emergencia Agropecuaria y se les otorgar\u00e1 una pr\u00f3rroga del pago del impuesto Inmobiliario Rural, correspondiente al inmueble destinado al desarrollo de la actividad agropecuaria.<\/p>\n<p>En tanto, aquellos que hayan sufrido una afectaci\u00f3n de entre el 80% y 100%, entrar\u00e1n en la categor\u00eda de Desastre Agropecuario y ser\u00e1n eximidos del pago del impuesto rural, en proporci\u00f3n al porcentaje de la afectaci\u00f3n de la explotaci\u00f3n.<\/p>\n<p>A su vez, la Provincia puso a disposici\u00f3n distintas l\u00edneas de financiamiento para mitigar el impacto de la emergencia clim\u00e1tica que afect\u00f3 a estas regiones, destinadas principalmente a peque\u00f1os y medianos productores.<\/p>\n<p>En ese sentido, el Ministerio de Desarrollo Agrario ofrece un Aporte no Reintegrable para la Agricultura Familiar ante eventos clim\u00e1ticos adversos que otorga montos de hasta $200.000, destinados a la recomposici\u00f3n de la infraestructura da\u00f1ada, la adquisici\u00f3n de insumos productivos para reiniciar el ciclo de producci\u00f3n y la reposici\u00f3n de animales muertos o afectados.<\/p>\n<p>Tambi\u00e9n cuenta con una L\u00ednea de Financiamiento Ante Eventos Clim\u00e1ticos Extremos con montos de hasta $1.500.000 y tasa del 35% para el reinicio del ciclo productivo, y otra de Financiamiento para Prevenci\u00f3n y Mitigaci\u00f3n de Emergencias.<\/p>\n<p>Al respecto, el ministro Rodr\u00edguez se\u00f1al\u00f3: \u201cDesde el Estado provincial venimos trabajando fuertemente y de forma articulada para generar los mejores y m\u00e1s eficientes instrumentos de asistencia para acompa\u00f1ar y fortalecer la recuperaci\u00f3n de los productores y productoras afectados por la sequ\u00eda, sobre todo orientado a los peque\u00f1os y medianos productores\u201d.<\/p>\n<p>Por su parte, el Banco Provincia cuenta con Financiamiento para Afectados por Fen\u00f3menos Naturales para solventar el costo de reparaci\u00f3n de los da\u00f1os materiales sufridos en los inmuebles o en un veh\u00edculo de su propiedad -siempre que no hayan sido cubiertos por la compa\u00f1\u00eda de seguros-, con una tasa de inter\u00e9s fija de entre el 37% y el 39%. Adem\u00e1s, la entidad ofrece una l\u00ednea de financiamiento espec\u00edfica para Emergencia por Sequ\u00eda.<\/p>\n<p>\u201cDesde el Banco Provincia estamos acompa\u00f1ando permanentemente al sector agropecuario y, en este caso de emergencia, lo seguimos haciendo con el foco puesto en los peque\u00f1os y medianos productores\u201d, resalt\u00f3 Cuattromo.<\/p>\n<p>\u201cTen\u00edamos muchas expectativas y nos parecieron positivos los anuncios y la actitud que ha tomado el Gobierno de la Provincia, que se ha mostrado comprometido y solidario con todas las actividades agropecuarias en este momento dif\u00edcil\u201d, afirm\u00f3 Irineo Qui\u00f1ones, presidente de FEBAPRI.<\/p>\n<p>En tanto, Marta Gra\u00f1a, secretaria adjunta de UATRE Nacional, destac\u00f3 \u201cel di\u00e1logo extraordinario que hemos tenido y sostenemos para afrontar todas la sequ\u00eda y todas las problem\u00e1ticas del sector rural\u201d.<\/p>\n<p>Asimismo, Eduardo Aranzabal, representante provincial en FECOFE, hizo hincapi\u00e9 en que \u201ces fundamental que exista esta mesa de di\u00e1logo y que haya un Estado presente que acompa\u00f1a al sector cooperativo\u201d. \u201cSe trata de medidas muy positivas y de un anuncio que demuestra que el Gobierno de la Provincia presta atenci\u00f3n a las demandas y necesidades de los peque\u00f1os productores\u201d, indic\u00f3 Salvador Vides, de Agricultura Familiar.<\/p>\n<p>\u201cEl Gobernador entiende la gravedad de la situaci\u00f3n que est\u00e1 enfrentando el sector agropecuario, y en ese sentido creemos que es muy importante esta medida\u201d, sostuvo el presidente de CARBAP, Horacio Salaverri.<\/p>\n<p>Por su parte, el consejero bonaerense de CONINAGRO, Georges Breitschmitt, valor\u00f3 \u201cel buen di\u00e1logo con la Provincia en una reuni\u00f3n que ha servido para plantear y transmitir de primera mano el escenario que vemos en la producci\u00f3n\u201d<strong>(NAP\/VW)<\/strong><\/p>\n<p>&nbsp;<\/p>\n<p>&nbsp;<\/p>\n","protected":false},"excerpt":{"rendered":"<p>En el marco de una reuni\u00f3n con representantes de entidades rurales, se presentaron instrumentos de financiamiento\u00a0para abordar la situaci\u00f3n, orientados especialmente a peque\u00f1os y medianos productores.<\/p>\n","protected":false},"author":3,"featured_media":8167,"comment_status":"closed","ping_status":"closed","sticky":false,"template":"","format":"standard","meta":{"_monsterinsights_skip_tracking":false,"_monsterinsights_sitenote_active":false,"_monsterinsights_sitenote_note":"","_monsterinsights_sitenote_category":0,"footnotes":""},"categories":[3],"tags":[397,167,3414,1637],"class_list":["post-8166","post","type-post","status-publish","format-standard","has-post-thumbnail","hentry","category-actualidad","tag-emergencia","tag-kicillof","tag-rodriguez","tag-sequia"],"_links":{"self":[{"href":"https:\/\/www.visionweb.com.ar\/index.php?rest_route=\/wp\/v2\/posts\/8166","targetHints":{"allow":["GET"]}}],"collection":[{"href":"https:\/\/www.visionweb.com.ar\/index.php?rest_route=\/wp\/v2\/posts"}],"about":[{"href":"https:\/\/www.visionweb.com.ar\/index.php?rest_route=\/wp\/v2\/types\/post"}],"author":[{"embeddable":true,"href":"https:\/\/www.visionweb.com.ar\/index.php?rest_route=\/wp\/v2\/users\/3"}],"replies":[{"embeddable":true,"href":"https:\/\/www.visionweb.com.ar\/index.php?rest_route=%2Fwp%2Fv2%2Fcomments&post=8166"}],"version-history":[{"count":1,"href":"https:\/\/www.visionweb.com.ar\/index.php?rest_route=\/wp\/v2\/posts\/8166\/revisions"}],"predecessor-version":[{"id":8168,"href":"https:\/\/www.visionweb.com.ar\/index.php?rest_route=\/wp\/v2\/posts\/8166\/revisions\/8168"}],"wp:featuredmedia":[{"embeddable":true,"href":"https:\/\/www.visionweb.com.ar\/index.php?rest_route=\/wp\/v2\/media\/8167"}],"wp:attachment":[{"href":"https:\/\/www.visionweb.com.ar\/index.php?rest_route=%2Fwp%2Fv2%2Fmedia&parent=8166"}],"wp:term":[{"taxonomy":"category","embeddable":true,"href":"https:\/\/www.visionweb.com.ar\/index.php?rest_route=%2Fwp%2Fv2%2Fcategories&post=8166"},{"taxonomy":"post_tag","embeddable":true,"href":"https:\/\/www.visionweb.com.ar\/index.php?rest_route=%2Fwp%2Fv2%2Ftags&post=8166"}],"curies":[{"name":"wp","href":"https:\/\/api.w.org\/{rel}","templated":true}]}}