{"id":8147,"date":"2022-11-11T08:27:46","date_gmt":"2022-11-11T11:27:46","guid":{"rendered":"https:\/\/www.visionweb.com.ar\/?p=8147"},"modified":"2022-11-11T08:27:46","modified_gmt":"2022-11-11T11:27:46","slug":"feria-de-empleo-lanus-hubo-mas-de-3-000-participantes-en-su-2da-edicion","status":"publish","type":"post","link":"https:\/\/www.visionweb.com.ar\/?p=8147","title":{"rendered":"Feria de Empleo Lan\u00fas: Hubo m\u00e1s de 3.000 participantes en su 2da. Edici\u00f3n"},"content":{"rendered":"<p><em><strong>Masivo encuentro organizado por el Municipio para agilizar y optimizar b\u00fasquedas laborales. Fueron 41 empresas que participaron del encuentro.<\/strong><\/em><strong>\u00a0<\/strong><!--more--><\/p>\n<div id=\"attachment_8149\" style=\"width: 310px\" class=\"wp-caption alignright\"><img loading=\"lazy\" decoding=\"async\" aria-describedby=\"caption-attachment-8149\" class=\"wp-image-8149 size-medium\" src=\"https:\/\/www.visionweb.com.ar\/wp-content\/uploads\/2022\/11\/feria-de-empleo-lanus-1122-300x177.jpg\" alt=\"\" width=\"300\" height=\"177\" srcset=\"https:\/\/www.visionweb.com.ar\/wp-content\/uploads\/2022\/11\/feria-de-empleo-lanus-1122-300x177.jpg 300w, https:\/\/www.visionweb.com.ar\/wp-content\/uploads\/2022\/11\/feria-de-empleo-lanus-1122-768x454.jpg 768w, https:\/\/www.visionweb.com.ar\/wp-content\/uploads\/2022\/11\/feria-de-empleo-lanus-1122.jpg 815w\" sizes=\"auto, (max-width: 300px) 100vw, 300px\" \/><p id=\"caption-attachment-8149\" class=\"wp-caption-text\">Charlas informativas y de orientaci\u00f3n durante el evento. (Foto: Prensa de Lan\u00fas)<\/p><\/div>\n<p><strong>E<\/strong>l Municipio de Lan\u00fas realiz\u00f3 la <strong>2da. Edici\u00f3n de la Feria de Empleo <\/strong>con amplia convocatoria, organizada por la Secretar\u00eda de Educaci\u00f3n, Empleo y Deportes a cargo de Dami\u00e1n Sala con el objetivo de promover la <strong>generaci\u00f3n de puestos de trabajo genuinos<\/strong> para personas mayores de 18 a\u00f1os.<\/p>\n<p>En ese contexto, el intendente N\u00e9stor Grindetti expres\u00f3: \u00abEsto es la contrapartida de lo que est\u00e1 pasando en el obelisco, ac\u00e1 m\u00e1s de 40 empresas se est\u00e1n vinculando con 3000 j\u00f3venes que est\u00e1n buscando trabajo, que quieren capacitarse y el rol del estado es ser facilitador y dar las condiciones para <strong>crear trabajo<\/strong> genuino\u00bb, conforme indic\u00f3 Prensa de Lan\u00fas.<\/p>\n<p>Por su parte, el jefe de gabinete local, Diego Kravetz indic\u00f3: \u00abEste es nuestro objetivo primario: Que los vecinos de Lan\u00fas puedan <strong>encontrar su futuro<\/strong> a trav\u00e9s del impulso que le damos desde el Municipio. Por eso gestionamos esta feria, los cursos de capacitaciones y todos los espacios que buscan darle mayores herramientas a los lanusenses. Este es el camino que debe cumplir el Estado, por eso me sumo a la iniciativa de N\u00e9stor, &#8216;m\u00e1s empleo y menos planes'\u00bb.<\/p>\n<p>Adem\u00e1s, durante la jornada que se desarroll\u00f3 en la sede comunal, los asistentes recibieron <strong>asesoramiento<\/strong> gratuito y tuvieron la oportunidad de efectuar contactos de manera personalizada con\u00a0<strong>especialistas en recursos humanos<\/strong><strong>.<\/strong><\/p>\n<p>Posteriormente, el equipo del Municipio realiza un <strong>seguimiento de la cantidad de puestos laborales<\/strong> que cubre el sector privado para agilizar el proceso de b\u00fasqueda de trabajo formal de la ciudadan\u00eda y mantener actualizada la base de datos de la oficina local.\u00a0<strong>(VW)<\/strong><\/p>\n<p>&nbsp;<\/p>\n","protected":false},"excerpt":{"rendered":"<p>Masivo encuentro organizado por el Municipio para agilizar y optimizar b\u00fasquedas laborales. Fueron 41 empresas que participaron del encuentro.\u00a0<\/p>\n","protected":false},"author":4,"featured_media":8149,"comment_status":"closed","ping_status":"closed","sticky":false,"template":"","format":"standard","meta":{"_monsterinsights_skip_tracking":false,"_monsterinsights_sitenote_active":false,"_monsterinsights_sitenote_note":"","_monsterinsights_sitenote_category":0,"footnotes":""},"categories":[8,5],"tags":[1210,18,241,2824,709,3405],"class_list":["post-8147","post","type-post","status-publish","format-standard","has-post-thumbnail","hentry","category-interes-general","category-sociedad","tag-feria-de-empleo","tag-grindetti","tag-kravetz","tag-municipio-de-lanus","tag-sala","tag-secretaria-de-empleo"],"_links":{"self":[{"href":"https:\/\/www.visionweb.com.ar\/index.php?rest_route=\/wp\/v2\/posts\/8147","targetHints":{"allow":["GET"]}}],"collection":[{"href":"https:\/\/www.visionweb.com.ar\/index.php?rest_route=\/wp\/v2\/posts"}],"about":[{"href":"https:\/\/www.visionweb.com.ar\/index.php?rest_route=\/wp\/v2\/types\/post"}],"author":[{"embeddable":true,"href":"https:\/\/www.visionweb.com.ar\/index.php?rest_route=\/wp\/v2\/users\/4"}],"replies":[{"embeddable":true,"href":"https:\/\/www.visionweb.com.ar\/index.php?rest_route=%2Fwp%2Fv2%2Fcomments&post=8147"}],"version-history":[{"count":2,"href":"https:\/\/www.visionweb.com.ar\/index.php?rest_route=\/wp\/v2\/posts\/8147\/revisions"}],"predecessor-version":[{"id":8150,"href":"https:\/\/www.visionweb.com.ar\/index.php?rest_route=\/wp\/v2\/posts\/8147\/revisions\/8150"}],"wp:featuredmedia":[{"embeddable":true,"href":"https:\/\/www.visionweb.com.ar\/index.php?rest_route=\/wp\/v2\/media\/8149"}],"wp:attachment":[{"href":"https:\/\/www.visionweb.com.ar\/index.php?rest_route=%2Fwp%2Fv2%2Fmedia&parent=8147"}],"wp:term":[{"taxonomy":"category","embeddable":true,"href":"https:\/\/www.visionweb.com.ar\/index.php?rest_route=%2Fwp%2Fv2%2Fcategories&post=8147"},{"taxonomy":"post_tag","embeddable":true,"href":"https:\/\/www.visionweb.com.ar\/index.php?rest_route=%2Fwp%2Fv2%2Ftags&post=8147"}],"curies":[{"name":"wp","href":"https:\/\/api.w.org\/{rel}","templated":true}]}}