{"id":8143,"date":"2022-11-11T08:12:11","date_gmt":"2022-11-11T11:12:11","guid":{"rendered":"https:\/\/www.visionweb.com.ar\/?p=8143"},"modified":"2022-11-11T08:12:11","modified_gmt":"2022-11-11T11:12:11","slug":"piqueteros-levantaron-el-acampe-y-ya-piensan-en-un-nuevo-plan-de-lucha","status":"publish","type":"post","link":"https:\/\/www.visionweb.com.ar\/?p=8143","title":{"rendered":"Piqueteros levantaron el acampe y ya piensan en un nuevo plan de lucha"},"content":{"rendered":"<p><em><strong>El l\u00edder del Polo Obrero, Eduardo Belliboni, anticip\u00f3 que el lunes anunciar\u00e1 un nuevo plan de lucha. Entre los reclamos figuran ls promesas incmplidas hechas en su momento por el ex ministro Zabaleta.<\/strong><\/em>\u00a0 <!--more--><\/p>\n<div id=\"attachment_8144\" style=\"width: 310px\" class=\"wp-caption alignright\"><img loading=\"lazy\" decoding=\"async\" aria-describedby=\"caption-attachment-8144\" class=\"wp-image-8144 size-medium\" src=\"https:\/\/www.visionweb.com.ar\/wp-content\/uploads\/2022\/11\/CRECEN-LAS-PROTESTAS-EN-EL-CENTRO-PORTENO-300x201.png\" alt=\"\" width=\"300\" height=\"201\" srcset=\"https:\/\/www.visionweb.com.ar\/wp-content\/uploads\/2022\/11\/CRECEN-LAS-PROTESTAS-EN-EL-CENTRO-PORTENO-300x201.png 300w, https:\/\/www.visionweb.com.ar\/wp-content\/uploads\/2022\/11\/CRECEN-LAS-PROTESTAS-EN-EL-CENTRO-PORTENO-768x516.png 768w, https:\/\/www.visionweb.com.ar\/wp-content\/uploads\/2022\/11\/CRECEN-LAS-PROTESTAS-EN-EL-CENTRO-PORTENO.png 800w\" sizes=\"auto, (max-width: 300px) 100vw, 300px\" \/><p id=\"caption-attachment-8144\" class=\"wp-caption-text\">El acampe se levant\u00f3, pero siguen los reclamos sociales<\/p><\/div>\n<p><strong>L<\/strong>as agrupaciones piqueteras levantaron el acampe en el centro porte\u00f1o tras una reuni\u00f3n que sostuvieron con funcionarios del Ministerio de Desarrollo Social.<\/p>\n<p>Desde la cartera nacional se comprometieron a presentar este viernes un nuevo cronograma para la entrega de alimentos para los comedores y herrramientas.<\/p>\n<p>En tanto el l\u00edder del Polo Obrero, Eduardo Belliboni, anticip\u00f3 que el lunes anunciar\u00e1 un nuevo plan de lucha.<\/p>\n<p>La referente de Barrios de Pie, Silvia Saravia, indic\u00f3 que desde la entidad ministerial entregar\u00e1n un refuerzo \u201cteniendo en cuenta lo que no se entreg\u00f3 en el mes de octubre\u201d. \u201cEn funci\u00f3n de eso, esperaremos hasta ma\u00f1ana para ver si cumplen y nos mantendremos en estado de alerta\u201d, agreg\u00f3 en declaraciones period\u00edsticas.<\/p>\n<p>Unidad Piquetera volvi\u00f3 a cortar la avenida 9 de Julio este jueves tras la falta de acuerdo en la reuni\u00f3n con la ministra de Desarrollo Social, Victoria Tolosa Paz. Los reclamos se focalizaron en las promesas que hab\u00eda asumido el ex ministro Juan Zabaleta sobre el fuerzo de las partidas alimentarias, el suministro de herramientas para las cooperativas y un bono de $45.000 para quienes no alcancen a cubrir la canasta b\u00e1sica.<\/p>\n<p>\u201cEl lunes vamos a hacer una evaluaci\u00f3n de c\u00f3mo vienen las distintas gestiones y definir lo que vamos a hacer\u201d, expres\u00f3 Saravia y anticip\u00f3 que volver\u00e1n a movilizarse con seguridad el pr\u00f3ximo 22 de noviembre, d\u00eda en que se reunir\u00e1 el Consejo del Salario m\u00ednimo, Vital y M\u00f3vil. Por su parte, Belliboni remarc\u00f3 las promesas incumplidas por parte del Gobierno y afirm\u00f3 -como Saravia- que se mantendr\u00e1n en \u201cestado de alerta\u201d.<\/p>\n<p>\u201cObviamente, dejamos el estado de alerta. Vamos a hablar con nuestros compa\u00f1eros para levantar la acci\u00f3n porque hemos dado un paso adelante. Como personas que reclaman respuestas, cuando las respuestas empiezan a aparecer, tomamos la medida que corresponde\u201d, argument\u00f3 en declaraciones period\u00edsticas el titular del PO.<\/p>\n<p>Por la ma\u00f1ana del jueves, Belliboni dispar\u00f3 contra quienes apuntaron que se trata de una problem\u00e1tica que solo afecta a su espacio: \u201cA los comedores del Movimiento Evita tampoco les llega la comida, pero como sus dirigentes est\u00e1n sentados en sillones del Ministerio parece no molestarles tanto. Deber\u00edan estar en la calle como nosotros\u201d.<\/p>\n","protected":false},"excerpt":{"rendered":"<p>El l\u00edder del Polo Obrero, Eduardo Belliboni, anticip\u00f3 que el lunes anunciar\u00e1 un nuevo plan de lucha. Entre los reclamos figuran ls promesas incmplidas hechas en su momento por el ex ministro Zabaleta.\u00a0<\/p>\n","protected":false},"author":3,"featured_media":8144,"comment_status":"closed","ping_status":"closed","sticky":false,"template":"","format":"standard","meta":{"_monsterinsights_skip_tracking":false,"_monsterinsights_sitenote_active":false,"_monsterinsights_sitenote_note":"","_monsterinsights_sitenote_category":0,"footnotes":""},"categories":[4],"tags":[111,3404,2291,3403],"class_list":["post-8143","post","type-post","status-publish","format-standard","has-post-thumbnail","hentry","category-politica","tag-alimentos","tag-biliboni","tag-piqueteros","tag-tolosa-paza"],"_links":{"self":[{"href":"https:\/\/www.visionweb.com.ar\/index.php?rest_route=\/wp\/v2\/posts\/8143","targetHints":{"allow":["GET"]}}],"collection":[{"href":"https:\/\/www.visionweb.com.ar\/index.php?rest_route=\/wp\/v2\/posts"}],"about":[{"href":"https:\/\/www.visionweb.com.ar\/index.php?rest_route=\/wp\/v2\/types\/post"}],"author":[{"embeddable":true,"href":"https:\/\/www.visionweb.com.ar\/index.php?rest_route=\/wp\/v2\/users\/3"}],"replies":[{"embeddable":true,"href":"https:\/\/www.visionweb.com.ar\/index.php?rest_route=%2Fwp%2Fv2%2Fcomments&post=8143"}],"version-history":[{"count":2,"href":"https:\/\/www.visionweb.com.ar\/index.php?rest_route=\/wp\/v2\/posts\/8143\/revisions"}],"predecessor-version":[{"id":8146,"href":"https:\/\/www.visionweb.com.ar\/index.php?rest_route=\/wp\/v2\/posts\/8143\/revisions\/8146"}],"wp:featuredmedia":[{"embeddable":true,"href":"https:\/\/www.visionweb.com.ar\/index.php?rest_route=\/wp\/v2\/media\/8144"}],"wp:attachment":[{"href":"https:\/\/www.visionweb.com.ar\/index.php?rest_route=%2Fwp%2Fv2%2Fmedia&parent=8143"}],"wp:term":[{"taxonomy":"category","embeddable":true,"href":"https:\/\/www.visionweb.com.ar\/index.php?rest_route=%2Fwp%2Fv2%2Fcategories&post=8143"},{"taxonomy":"post_tag","embeddable":true,"href":"https:\/\/www.visionweb.com.ar\/index.php?rest_route=%2Fwp%2Fv2%2Ftags&post=8143"}],"curies":[{"name":"wp","href":"https:\/\/api.w.org\/{rel}","templated":true}]}}