{"id":8139,"date":"2022-11-10T13:11:08","date_gmt":"2022-11-10T16:11:08","guid":{"rendered":"https:\/\/www.visionweb.com.ar\/?p=8139"},"modified":"2022-11-10T13:11:08","modified_gmt":"2022-11-10T16:11:08","slug":"legislatura-bonaerense-la-provincia-presento-el-nuevo-plan-quinquenal-de-salud","status":"publish","type":"post","link":"https:\/\/www.visionweb.com.ar\/?p=8139","title":{"rendered":"Legislatura bonaerense: La Provincia present\u00f3 el nuevo plan quinquenal de salud"},"content":{"rendered":"<p><em><strong>Proyecto estrat\u00e9gico para 5 a\u00f1os: Kreplak defendi\u00f3 el presupuesto 2023 para su cartera de Salud ante legisladores oficialistas y opositores.<\/strong><\/em><!--more--><\/p>\n<div id=\"attachment_8141\" style=\"width: 310px\" class=\"wp-caption alignright\"><img loading=\"lazy\" decoding=\"async\" aria-describedby=\"caption-attachment-8141\" class=\"wp-image-8141 size-medium\" src=\"https:\/\/www.visionweb.com.ar\/wp-content\/uploads\/2022\/11\/Kreplak-prensa-min-salud-pba-300x192.jpg\" alt=\"\" width=\"300\" height=\"192\" srcset=\"https:\/\/www.visionweb.com.ar\/wp-content\/uploads\/2022\/11\/Kreplak-prensa-min-salud-pba-300x192.jpg 300w, https:\/\/www.visionweb.com.ar\/wp-content\/uploads\/2022\/11\/Kreplak-prensa-min-salud-pba.bmp 665w\" sizes=\"auto, (max-width: 300px) 100vw, 300px\" \/><p id=\"caption-attachment-8141\" class=\"wp-caption-text\">Kreplak present\u00f3 siete proyectos estrat\u00e9gicos para la cartera. (Foto: Prensa Ministerio de Salud PBA)<\/p><\/div>\n<p><strong>\u00a0\u00a0\u00a0\u00a0 \u00a0\u00a0\u00a0\u00a0\u00a0 E<\/strong>l\u00a0ministro de Salud de la Provincia, <strong>Nicol\u00e1s Kreplak<\/strong>, present\u00f3 ante oficialismo y oposici\u00f3n los lineamientos del plan quinquenal de salud que proyecta el gobierno, en el marco de la ronda de ministros que comenz\u00f3 a desarrollarse en la Legislatura bonaerense para debatir el Presupuesto 2023.<\/p>\n<p>Kreplak record\u00f3 que al llegar al Gobierno, el Frente de Todos encontr\u00f3 en la Provincia \u201cun sistema fragmentado, con personal escaso y tecnolog\u00eda obsoleta\u201d, luego detall\u00f3 que el plan quinquenal que presenta tiene tres objetivos:<\/p>\n<p>&#8211;<strong>Garantizar<\/strong> gobierno en salud en cada una de las instancias del proceso de atenci\u00f3n.<\/p>\n<p>&#8211;<strong>Promover<\/strong> un cambio cultural hacia un modelo de atenci\u00f3n y cuidados centrado en las personas, familias y comunidad en una perspectiva de derechos e interseccional.<\/p>\n<p>&#8211;<strong>Fortalecer<\/strong> las tecnolog\u00edas y sistemas de informaci\u00f3n en todos sus niveles y jurisdicciones.<\/p>\n<p>En esa l\u00ednea, a la vez plante\u00f3 <strong>siete proyectos<\/strong> que calific\u00f3 como \u00ab<strong>estrat\u00e9gicos<\/strong>\u00bb para la Provincia:<\/p>\n<p>Fortalecer los <strong>Centros de Atenci\u00f3n Primaria<\/strong> de la Salud (CAPS), como as\u00ed tambi\u00e9n avanzar en estrategias de ampliaci\u00f3n de cobertura de vacunas y la implementaci\u00f3n de l\u00edneas de cuidado para enfermedades cr\u00f3nicas de alta prevalencia.<\/p>\n<p><strong>Acceso ampliado al sistema de salud<\/strong>: Busca la consolidaci\u00f3n del Instituto de Prevenci\u00f3n, Diagn\u00f3stico y Tratamiento del C\u00e1ncer, asegurando accesibilidad universal, cobertura integrada y de calidad.<\/p>\n<p>Tambi\u00e9n da impulso de medidas de gesti\u00f3n a fin de garantizar el acceso a los programas de Maternidad e Infancia en las etapas de embarazo, puerperio y reci\u00e9n nacidos. Prev\u00e9 actividades orientadas a mejorar las condiciones de las mujeres y diversidades que reduzcan las inequidades existentes y la ampliaci\u00f3n de estrategia de IVE en la provincia.<\/p>\n<p><strong>Reforma hospitalaria sustentable<\/strong>: Aqu\u00ed se proyecta profundizar una Reforma de la atenci\u00f3n en Salud Mental y Consumos Problem\u00e1ticos integrando la red de dispositivos de Salud Mental. Dar continuidad al mantenimiento de servicios creados para la prevenci\u00f3n, diagn\u00f3sticos y atenci\u00f3n por patolog\u00edas COVID 19 y post COVID-19. Tambi\u00e9n mejorar las condiciones de infraestructura por medio del Programa Salud a la Obra para hospitales y dispositivos de salud mental.<\/p>\n<p>Se prev\u00e9 la incorporaci\u00f3n de tecnolog\u00edas para crear una Red Provincial de Im\u00e1genes que facilite su lectura y disminuya los tiempos de entrega de resultados; la promoci\u00f3n de la organizaci\u00f3n de redes de servicios de salud y cuidados progresivos y la implementaci\u00f3n de l\u00edneas de cuidado para enfermedades cr\u00f3nicas de alta prevalencia.<\/p>\n<p><strong>Instituto biol\u00f3gico Tom\u00e1s Per\u00f3n<\/strong>: Dentro de las acciones proyectadas se buscar\u00e1 avanzar en estrategias de sustentabilidad financiera y soberan\u00eda sanitaria a trav\u00e9s del fortalecimiento de la producci\u00f3n p\u00fablica de medicamentos y de ox\u00edgeno medicinal.<\/p>\n<p><strong>Planificaci\u00f3n de la fuerza laboral en salud<\/strong>: En este caso de proyecta la formaci\u00f3n de los RRHH en Salud para dar respuesta a las necesidades sanitarias.<\/p>\n<p><strong>Nuevo SAME<\/strong>: Se prev\u00e9 la creaci\u00f3n de nuevo sistema de informaci\u00f3n, como as\u00ed tambi\u00e9n la participaci\u00f3n en el nuevo sistema de Emergencias PBA multiagencial y una nueva sede central SIES.<\/p>\n<p><strong>Fortalecimiento del uso de tecnolog\u00edas en salud<\/strong>: En este punto se eval\u00faa la creaci\u00f3n de estrategia de teleconsultas mediante plataforma digital y la implementaci\u00f3n del Programa Salud Digital Bonaerense centralizado en la historia de salud digital (HSI).<\/p>\n<p>Desde la cartera se\u00f1alaron que: \u201cSi bien disminuye la participaci\u00f3n del Ministerio de Salud en el presupuesto 2023, se incrementa el gasto funci\u00f3n salud; esto es el gasto efectuado por la Provincia con un uso o destino vinculado a la salud. Incluye el presupuesto destinado al Ministerio de Salud (85%) pero tambi\u00e9n el resto de las reparticiones que ejecuten gasto vinculado a la dimensi\u00f3n sanitaria. As\u00ed, el presupuesto total destinado en 2023 a Funci\u00f3n Salud se encontrar\u00e1 en 540.470 millones de pesos\u201d. <strong>(VW)<\/strong><\/p>\n","protected":false},"excerpt":{"rendered":"<p>Proyecto estrat\u00e9gico para 5 a\u00f1os: Kreplak defendi\u00f3 el presupuesto 2023 para su cartera de Salud ante legisladores oficialistas y opositores.<\/p>\n","protected":false},"author":4,"featured_media":8141,"comment_status":"closed","ping_status":"closed","sticky":false,"template":"","format":"standard","meta":{"_monsterinsights_skip_tracking":false,"_monsterinsights_sitenote_active":false,"_monsterinsights_sitenote_note":"","_monsterinsights_sitenote_category":0,"footnotes":""},"categories":[3,4],"tags":[2240,3402,3401],"class_list":["post-8139","post","type-post","status-publish","format-standard","has-post-thumbnail","hentry","category-actualidad","category-politica","tag-legislatura-bonaerense","tag-nicolas-kreplak","tag-plan-estrategico-de-salud"],"_links":{"self":[{"href":"https:\/\/www.visionweb.com.ar\/index.php?rest_route=\/wp\/v2\/posts\/8139","targetHints":{"allow":["GET"]}}],"collection":[{"href":"https:\/\/www.visionweb.com.ar\/index.php?rest_route=\/wp\/v2\/posts"}],"about":[{"href":"https:\/\/www.visionweb.com.ar\/index.php?rest_route=\/wp\/v2\/types\/post"}],"author":[{"embeddable":true,"href":"https:\/\/www.visionweb.com.ar\/index.php?rest_route=\/wp\/v2\/users\/4"}],"replies":[{"embeddable":true,"href":"https:\/\/www.visionweb.com.ar\/index.php?rest_route=%2Fwp%2Fv2%2Fcomments&post=8139"}],"version-history":[{"count":2,"href":"https:\/\/www.visionweb.com.ar\/index.php?rest_route=\/wp\/v2\/posts\/8139\/revisions"}],"predecessor-version":[{"id":8142,"href":"https:\/\/www.visionweb.com.ar\/index.php?rest_route=\/wp\/v2\/posts\/8139\/revisions\/8142"}],"wp:featuredmedia":[{"embeddable":true,"href":"https:\/\/www.visionweb.com.ar\/index.php?rest_route=\/wp\/v2\/media\/8141"}],"wp:attachment":[{"href":"https:\/\/www.visionweb.com.ar\/index.php?rest_route=%2Fwp%2Fv2%2Fmedia&parent=8139"}],"wp:term":[{"taxonomy":"category","embeddable":true,"href":"https:\/\/www.visionweb.com.ar\/index.php?rest_route=%2Fwp%2Fv2%2Fcategories&post=8139"},{"taxonomy":"post_tag","embeddable":true,"href":"https:\/\/www.visionweb.com.ar\/index.php?rest_route=%2Fwp%2Fv2%2Ftags&post=8139"}],"curies":[{"name":"wp","href":"https:\/\/api.w.org\/{rel}","templated":true}]}}