{"id":8131,"date":"2022-11-10T11:36:37","date_gmt":"2022-11-10T14:36:37","guid":{"rendered":"https:\/\/www.visionweb.com.ar\/?p=8131"},"modified":"2022-11-10T11:36:37","modified_gmt":"2022-11-10T14:36:37","slug":"10-de-noviembre-festejos-por-el-dia-de-la-tradicion-en-diversas-ciudades","status":"publish","type":"post","link":"https:\/\/www.visionweb.com.ar\/?p=8131","title":{"rendered":"10 de noviembre: Festejos por el D\u00eda de la Tradici\u00f3n en diversas ciudades"},"content":{"rendered":"<p><em><strong>Habr\u00e1 muchas propuestas t\u00edpicas del universo gauchesco y de la identidad criolla. Aqu\u00ed el cronograma de algunos de los eventos en ciudades bonaerenses.<\/strong><\/em><!--more--><\/p>\n<div id=\"attachment_8133\" style=\"width: 310px\" class=\"wp-caption alignright\"><img loading=\"lazy\" decoding=\"async\" aria-describedby=\"caption-attachment-8133\" class=\"wp-image-8133 size-medium\" src=\"https:\/\/www.visionweb.com.ar\/wp-content\/uploads\/2022\/11\/dia-de-la-tradicion-argentina.gob_.ar_-300x166.jpg\" alt=\"\" width=\"300\" height=\"166\" srcset=\"https:\/\/www.visionweb.com.ar\/wp-content\/uploads\/2022\/11\/dia-de-la-tradicion-argentina.gob_.ar_-300x166.jpg 300w, https:\/\/www.visionweb.com.ar\/wp-content\/uploads\/2022\/11\/dia-de-la-tradicion-argentina.gob_.ar_.bmp 744w\" sizes=\"auto, (max-width: 300px) 100vw, 300px\" \/><p id=\"caption-attachment-8133\" class=\"wp-caption-text\">Foto: argentina.gob.ar<\/p><\/div>\n<p><strong>E<\/strong>l <strong>D\u00eda de la Tradici\u00f3n<\/strong> es <strong>la festividad criolla m\u00e1s antigua del pa\u00eds<\/strong>\u00a0y el acontecimiento m\u00e1s importante del a\u00f1o para muchos de los habitantes de diversas localidades, quienes reciben en esta fecha visitantes de diferentes regiones, como tambi\u00e9n de otros lugares del mundo.<\/p>\n<p>La Ley Nacional N\u00b021.154 de 1975 consagr\u00f3 el 10 de noviembre como el D\u00eda de la Tradici\u00f3n en todo el territorio argentino\u00a0<strong>en homenaje a Jos\u00e9 Hern\u00e1ndez<\/strong>, nacido en esa misma fecha en 1834.<\/p>\n<p>En sus obras\u00a0<strong>Mart\u00edn Fierro<\/strong>\u00a0y\u00a0<strong>La vuelta de Mart\u00edn Fierro<\/strong><em>,<\/em>\u00a0el escritor homenajea al gaucho, uno de los s\u00edmbolos de la identidad nacional. Su legado permanece vigente sigue siendo tomado como inspiraci\u00f3n.<\/p>\n<p>en este marco, muchos destinos tur\u00edsticos de la provincia de Buenos Aires celebrar\u00e1n el D\u00eda de la Tradici\u00f3n\u00a0con propuestas t\u00edpicas del universo gauchesco y del mestizaje de la identidad criolla:<\/p>\n<p><strong>San Antonio de Areco: <\/strong>Se llevar\u00e1 a cabo la<strong> 83\u00b0 edici\u00f3n de la Fiesta de la Tradici\u00f3n<\/strong>\u00a0con m\u00fasica en vivo, bailes tradicionales, comidas t\u00edpicas, desfile de paisanos y tropillas, charlas de usos y costumbres, fogones, servicio de cantina y artesan\u00edas.<\/p>\n<p><strong>\u00a0<\/strong><strong>Ensenada: <\/strong>Ensenada buscar\u00e1 romper el <strong>r\u00e9cord Guinness de Danza en Conjunto<\/strong>, participar\u00e1n 1.500 parejas que bailar\u00e1n el peric\u00f3n, la danza nacional, y todas al mismo tiempo. A la vez, desde las 10:00, en el hist\u00f3rico Museo Fuerte Barrag\u00e1n, avenida Almirante Brown y camino a Regatas, se presentar\u00e1n diferentes espect\u00e1culos de m\u00fasica folkl\u00f3rica con entrada gratuita.<\/p>\n<p><strong>\u00a0<\/strong><strong>Miramar: <\/strong>Presentar\u00e1n la sexta edici\u00f3n del Fog\u00f3n de la Tradici\u00f3n. <strong>Un d\u00eda a pura chacarera<\/strong>, zambas, degustaciones y artesan\u00edas. Las actividades iniciar\u00e1n este domingo a partir de las 12:00 en el Anfiteatro Jos\u00e9 Hern\u00e1ndez. Durante la apertura se desarrollar\u00e1 el taller de bombo leg\u00fcero a cargo de Pablo Perez Carnevale.<\/p>\n<p><strong>Ca\u00f1uelas: <\/strong>En el pueblo tur\u00edstico <strong>Uribelarrea se celebrar\u00e1 la Fiesta de la Picada y la Cerveza Artesanal<\/strong> desde este viernes hasta el domingo 13 a partir de las 10:00. Habr\u00e1 stock de fiambres, quesos y embutidos.<\/p>\n<p><strong>General Belgrano: <\/strong>Estrenar\u00e1 la primera <strong>Fiesta de la Bondiola y la Tradici\u00f3n<\/strong>, el s\u00e1bado y domingo en el Parque Mateo Bruzzo, con entrada gratuita. El \u00faltimo d\u00eda se premiar\u00e1 a quien cocine el mejor corte de cerdo.<\/p>\n<p><strong>Brandsen: <\/strong>En el pueblo tur\u00edstico <strong>Oliden<\/strong> se podr\u00e1 degustar la <strong>aut\u00e9ntica galleta de campo<\/strong> hecha en horno a le\u00f1a. El domingo de 11:00 a 18:00 tambi\u00e9n se conmemoran los cien a\u00f1os de la panader\u00eda local.<\/p>\n<p><strong>Necochea: <\/strong>En el pueblo <strong>Juan Nepomuceno Fern\u00e1ndez<\/strong>, sogueros de la regi\u00f3n expondr\u00e1n sus obras y coordinar\u00e1n talleres para quienes quieran conocer de cerca este noble oficio gauchesco. Los visitantes podr\u00e1n acercarse al predio Paseo El Galp\u00f3n para vivir la <strong>Fiesta de la Soga Gaucha<\/strong> desde el viernes hasta el domingo a partir de las 08:00.<\/p>\n<p><strong>Escobar: <\/strong>En <strong>Gar\u00edn<\/strong> se realizar\u00e1 el <strong>encuentro Ra\u00edces Provincias<\/strong> que reunir\u00e1 a emprendedores, artistas y entidades tradicionalistas de distintas regiones del pa\u00eds. En el festival se presentar\u00e1n el Chaque\u00f1o Palavecino, el viernes 11; Tom\u00e1s Lipan, Antonio Tarrag\u00f3 Ros y Malevo, el s\u00e1bado; y Federico Pecchia y Bruno Arias pondr\u00e1n el broche de oro a la noche del domingo.<\/p>\n<p><strong>\u00a0<\/strong><strong>General Las Heras: <\/strong>El s\u00e1bado, varios equipos competir\u00e1n en la\u00a0<strong>Fiesta Nacional del Pato<\/strong>\u00a0para rememorar este deporte aut\u00f3ctono que los gauchos practicaban en los campos bonaerenses. Adem\u00e1s, la folklorista Yamila Cafrune cerrar\u00e1 la primera noche y al d\u00eda siguiente se disputar\u00e1 la final del certamen y se entregar\u00e1n los premios a los ganadores.<\/p>\n<p><strong>\u00a0<\/strong><strong>Saavedra: <\/strong>El Centro Criollo El Peg\u00fcal de <strong>Pig\u00fc\u00e9<\/strong> organizar\u00e1 la Gran Destreza y Jineteada Criolla con rueda de gurupa para aficionados, jineteada de crinas, bastos a caballo elegido, desfile e izamiento de la bandera. <strong>(VW)<\/strong><\/p>\n<p>&nbsp;<\/p>\n<p>&nbsp;<\/p>\n","protected":false},"excerpt":{"rendered":"<p>Habr\u00e1 muchas propuestas t\u00edpicas del universo gauchesco y de la identidad criolla. Aqu\u00ed el cronograma de algunos de los eventos en ciudades bonaerenses.<\/p>\n","protected":false},"author":4,"featured_media":8133,"comment_status":"closed","ping_status":"closed","sticky":false,"template":"","format":"standard","meta":{"_monsterinsights_skip_tracking":false,"_monsterinsights_sitenote_active":false,"_monsterinsights_sitenote_note":"","_monsterinsights_sitenote_category":0,"footnotes":""},"categories":[8],"tags":[3396,3397,3398,3399],"class_list":["post-8131","post","type-post","status-publish","format-standard","has-post-thumbnail","hentry","category-interes-general","tag-dia-de-la-tradicion","tag-festividad-criolla","tag-jose-hernandez","tag-martin-fierro"],"_links":{"self":[{"href":"https:\/\/www.visionweb.com.ar\/index.php?rest_route=\/wp\/v2\/posts\/8131","targetHints":{"allow":["GET"]}}],"collection":[{"href":"https:\/\/www.visionweb.com.ar\/index.php?rest_route=\/wp\/v2\/posts"}],"about":[{"href":"https:\/\/www.visionweb.com.ar\/index.php?rest_route=\/wp\/v2\/types\/post"}],"author":[{"embeddable":true,"href":"https:\/\/www.visionweb.com.ar\/index.php?rest_route=\/wp\/v2\/users\/4"}],"replies":[{"embeddable":true,"href":"https:\/\/www.visionweb.com.ar\/index.php?rest_route=%2Fwp%2Fv2%2Fcomments&post=8131"}],"version-history":[{"count":2,"href":"https:\/\/www.visionweb.com.ar\/index.php?rest_route=\/wp\/v2\/posts\/8131\/revisions"}],"predecessor-version":[{"id":8134,"href":"https:\/\/www.visionweb.com.ar\/index.php?rest_route=\/wp\/v2\/posts\/8131\/revisions\/8134"}],"wp:featuredmedia":[{"embeddable":true,"href":"https:\/\/www.visionweb.com.ar\/index.php?rest_route=\/wp\/v2\/media\/8133"}],"wp:attachment":[{"href":"https:\/\/www.visionweb.com.ar\/index.php?rest_route=%2Fwp%2Fv2%2Fmedia&parent=8131"}],"wp:term":[{"taxonomy":"category","embeddable":true,"href":"https:\/\/www.visionweb.com.ar\/index.php?rest_route=%2Fwp%2Fv2%2Fcategories&post=8131"},{"taxonomy":"post_tag","embeddable":true,"href":"https:\/\/www.visionweb.com.ar\/index.php?rest_route=%2Fwp%2Fv2%2Ftags&post=8131"}],"curies":[{"name":"wp","href":"https:\/\/api.w.org\/{rel}","templated":true}]}}