{"id":8127,"date":"2022-11-10T10:38:48","date_gmt":"2022-11-10T13:38:48","guid":{"rendered":"https:\/\/www.visionweb.com.ar\/?p=8127"},"modified":"2022-11-10T10:38:48","modified_gmt":"2022-11-10T13:38:48","slug":"no-hubo-acuerdo-cortes-de-movimientos-sociales-frente-a-desarrollo-social-por-tiempo-indeterminado","status":"publish","type":"post","link":"https:\/\/www.visionweb.com.ar\/?p=8127","title":{"rendered":"No hubo acuerdo: Cortes de movimientos sociales frente a Desarrollo Social por \u201ctiempo indeterminado\u201d"},"content":{"rendered":"<p><em><strong>El frente Unidad Piquetera protesta este jueves en varios puntos de la Ciudad con acampe frente a Desarrollo Social. Habr\u00e1 caos en el tr\u00e1nsito y r\u00e9plicas en 12 provincias. Reclaman alimentos, salarios y empleo.<\/strong><\/em><!--more--><\/p>\n<div id=\"attachment_8129\" style=\"width: 310px\" class=\"wp-caption alignright\"><img loading=\"lazy\" decoding=\"async\" aria-describedby=\"caption-attachment-8129\" class=\"wp-image-8129 size-medium\" src=\"https:\/\/www.visionweb.com.ar\/wp-content\/uploads\/2022\/11\/polo-obrero-2-300x196.jpg\" alt=\"\" width=\"300\" height=\"196\" srcset=\"https:\/\/www.visionweb.com.ar\/wp-content\/uploads\/2022\/11\/polo-obrero-2-300x196.jpg 300w, https:\/\/www.visionweb.com.ar\/wp-content\/uploads\/2022\/11\/polo-obrero-2.bmp 667w\" sizes=\"auto, (max-width: 300px) 100vw, 300px\" \/><p id=\"caption-attachment-8129\" class=\"wp-caption-text\">Imagen de internet<\/p><\/div>\n<p><strong>O<\/strong>rganizaciones nucleadas en la Unidad Piquetera (<strong>UP<\/strong>) llevan a cabo su protesta con marchas y acampes frente al Ministerio de Desarrollo Social, ya que luego de una reuni\u00f3n no hubo acuerdo. Reclaman <strong>asistencia alimentaria para comedores, salarios acordes y trabajo formal registrado<\/strong>.<\/p>\n<p>El nuevo plan de lucha para este jueves incluir\u00e1 una movilizaci\u00f3n con \u00abconcentraci\u00f3n y permanencia\u00bb frente en la sede del Ministerio Desarrollo Social. Responsabilizaron a la nueva titular de esa cartera, Victoria Tolosa Paz, por \u201cel desabastecimiento de alimentos a los comedores populares\u201d.<\/p>\n<p>Reclaman asistencia alimentaria para los comedores, una \u00ab<strong>apertura universal de los programas<\/strong> para todos los que lo necesitan\u00bb y otorgamiento de cupos para \u00ab<strong>trabajo genuino<\/strong> en la obra p\u00fablica\u00bb, entre otras demandas.<\/p>\n<p>Eduardo Belliboni ratific\u00f3 ayer la medida tras una reuni\u00f3n al leer un comunicado firmado por una veintena de organizaciones encabezadas por el\u00a0<strong>Polo Obrero, Barrios de Pie- Libres del Sur y el MST Teresa- Vive<\/strong>: \u201cFuncionarios de su cartera informan que <strong>solo habr\u00e1 una entrega de comida hasta fin de a\u00f1o<\/strong> para las millones de familias que asisten a los comedores\u201d, apuntaron en un comunicado.<\/p>\n<p>En el escrito, la Unida Piquetera responsabiliz\u00f3 a Tolosa Paz por la \u201c<strong>fracasada mesa contra el hambre<\/strong>\u201d y sostuvo que la ministra \u201canunci\u00f3 un decreto que <strong>proh\u00edbe los nuevos ingresos al programa Potenciar Trabajo<\/strong>\u201d, en l\u00ednea con el programa econ\u00f3mico que pretende reducir los gastos en asistencias sociales del Estado.<\/p>\n<p>\u201cPara peor, el Ministerio que\u00a0<strong>no cumpli\u00f3 nunca con la entrega de herramientas de trabajo se propone dar bajas a beneficiarios del Potenciar<\/strong>, o sea, dejar sin su fuente de sustento a los compa\u00f1eros, a cambio de estas supuestas herramientas que nunca llegan a los barrios\u201d, a\u00f1adieron sobre el recorte \u201ca pesar de los m\u00e1s de cuatro millones de indigentes\u201d.<\/p>\n<p>Entre los pedidos de los piqueteros , est\u00e1n la \u201casistencia integral para los comedores\u201d, \u201cuna apertura universal de los programas para todos lo que lo necesitan\u201d,\u00a0<strong>\u201ctrabajo genuino bajo convenio a partir de obra p\u00fablica y planes de vivienda bajo control obrero\u201d<\/strong><strong>\u00a0<\/strong>y un <strong>\u201csalario igual a la canasta b\u00e1sica\u201d<\/strong>.<strong> (VW)<\/strong><\/p>\n<p>&nbsp;<\/p>\n","protected":false},"excerpt":{"rendered":"<p>El frente Unidad Piquetera protesta este jueves en varios puntos de la Ciudad con acampe frente a Desarrollo Social. Habr\u00e1 caos en el tr\u00e1nsito y r\u00e9plicas en 12 provincias. Reclaman alimentos, salarios y empleo.<\/p>\n","protected":false},"author":4,"featured_media":8129,"comment_status":"closed","ping_status":"closed","sticky":false,"template":"","format":"standard","meta":{"_monsterinsights_skip_tracking":false,"_monsterinsights_sitenote_active":false,"_monsterinsights_sitenote_note":"","_monsterinsights_sitenote_category":0,"footnotes":""},"categories":[4,5],"tags":[3056,3393,27,3395,2502,3394],"class_list":["post-8127","post","type-post","status-publish","format-standard","has-post-thumbnail","hentry","category-politica","category-sociedad","tag-belliboni","tag-cortes-y-acampe","tag-desarrollo-social","tag-polo-obrero","tag-tolosa-paz","tag-unidad-puquetera"],"_links":{"self":[{"href":"https:\/\/www.visionweb.com.ar\/index.php?rest_route=\/wp\/v2\/posts\/8127","targetHints":{"allow":["GET"]}}],"collection":[{"href":"https:\/\/www.visionweb.com.ar\/index.php?rest_route=\/wp\/v2\/posts"}],"about":[{"href":"https:\/\/www.visionweb.com.ar\/index.php?rest_route=\/wp\/v2\/types\/post"}],"author":[{"embeddable":true,"href":"https:\/\/www.visionweb.com.ar\/index.php?rest_route=\/wp\/v2\/users\/4"}],"replies":[{"embeddable":true,"href":"https:\/\/www.visionweb.com.ar\/index.php?rest_route=%2Fwp%2Fv2%2Fcomments&post=8127"}],"version-history":[{"count":2,"href":"https:\/\/www.visionweb.com.ar\/index.php?rest_route=\/wp\/v2\/posts\/8127\/revisions"}],"predecessor-version":[{"id":8130,"href":"https:\/\/www.visionweb.com.ar\/index.php?rest_route=\/wp\/v2\/posts\/8127\/revisions\/8130"}],"wp:featuredmedia":[{"embeddable":true,"href":"https:\/\/www.visionweb.com.ar\/index.php?rest_route=\/wp\/v2\/media\/8129"}],"wp:attachment":[{"href":"https:\/\/www.visionweb.com.ar\/index.php?rest_route=%2Fwp%2Fv2%2Fmedia&parent=8127"}],"wp:term":[{"taxonomy":"category","embeddable":true,"href":"https:\/\/www.visionweb.com.ar\/index.php?rest_route=%2Fwp%2Fv2%2Fcategories&post=8127"},{"taxonomy":"post_tag","embeddable":true,"href":"https:\/\/www.visionweb.com.ar\/index.php?rest_route=%2Fwp%2Fv2%2Ftags&post=8127"}],"curies":[{"name":"wp","href":"https:\/\/api.w.org\/{rel}","templated":true}]}}