{"id":8102,"date":"2022-11-08T12:28:28","date_gmt":"2022-11-08T15:28:28","guid":{"rendered":"https:\/\/www.visionweb.com.ar\/?p=8102"},"modified":"2022-11-08T19:46:25","modified_gmt":"2022-11-08T22:46:25","slug":"son-44-los-municipios-afectados-por-la-sequia","status":"publish","type":"post","link":"https:\/\/www.visionweb.com.ar\/?p=8102","title":{"rendered":"Son 44 los municipios bonaerenses afectados por la sequ\u00eda"},"content":{"rendered":"<p><em><strong>El impacto clim\u00e1tico afecta tambi\u00e9n a los municipios de de Santa Fe y Entre R\u00edos. En Buenos Aires ya se reuni\u00f3 la Mesa de Emergencia Agropecuaria.<\/strong><\/em> <!--more--><\/p>\n<section class=\"detail-note_news-article\" data-td-script-src=\"https:\/\/infocielo.com\/js-custom\/vendor\/jquery\/dist\/jquery.min-min-version-1598404901.js,https:\/\/infocielo.com\/js-custom\/299\/functions\/checkTwitterQuoteHighlight-min-version-1630609180.js,https:\/\/infocielo.com\/js-custom\/299\/functions\/embedsVideosOnBody-min-version-1630609180.js\">\n<div class=\"detail-note_body\" data-twitter-link=\"https:\/\/twitter.com\/intent\/tweet?url=https%3A%2F%2Finfocielo.com%2Fc749982&amp;related=infocielo&amp;text=Hay+44+municipios+bonaerenses+afectados+de+modo+severo+por+la+sequ%C3%ADa&amp;via=infocielo\">\n<p><strong>\u00a0 \u00a0 <img loading=\"lazy\" decoding=\"async\" class=\"size-medium wp-image-8103 alignright\" src=\"https:\/\/www.visionweb.com.ar\/wp-content\/uploads\/2022\/11\/INTA-SEQUIA-300x224.png\" alt=\"\" width=\"300\" height=\"224\" srcset=\"https:\/\/www.visionweb.com.ar\/wp-content\/uploads\/2022\/11\/INTA-SEQUIA-300x224.png 300w, https:\/\/www.visionweb.com.ar\/wp-content\/uploads\/2022\/11\/INTA-SEQUIA-320x240.png 320w, https:\/\/www.visionweb.com.ar\/wp-content\/uploads\/2022\/11\/INTA-SEQUIA.png 640w\" sizes=\"auto, (max-width: 300px) 100vw, 300px\" \/> \u00a0 \u00a0U<\/strong>n total de 7 millones de hect\u00e1reas productivas de la provincia de Buenos Aires se encuentran afectadas por la contingencia clim\u00e1tica.<\/p>\n<p>En tanto la <strong>Mesa Nacional de Monitoreo de Sequ\u00edas<\/strong> advirti\u00f3 que la sequ\u00eda presenta \u00abafectaci\u00f3n severa\u00bb ya alcanza a 44 municipios bonaerenses, en donde miran con preocupaci\u00f3n lo que ocurrir\u00e1 con las divisas en moneda extranjera.<\/p>\n<\/div>\n<\/section>\n<section class=\"detail-note_news-article\" data-td-script-src=\"https:\/\/infocielo.com\/js-custom\/vendor\/jquery\/dist\/jquery.min-min-version-1598404901.js,https:\/\/infocielo.com\/js-custom\/299\/functions\/checkTwitterQuoteHighlight-min-version-1630609180.js,https:\/\/infocielo.com\/js-custom\/299\/functions\/embedsVideosOnBody-min-version-1630609180.js\">\n<div class=\"detail-note_body\" data-twitter-link=\"https:\/\/twitter.com\/intent\/tweet?url=https%3A%2F%2Finfocielo.com%2Fc749982&amp;related=infocielo&amp;text=Hay+44+municipios+bonaerenses+afectados+de+modo+severo+por+la+sequ%C3%ADa&amp;via=infocielo\">\n<p>Seg\u00fan la Mesa Nacional de la\u00a0<strong>subsecretar\u00eda de Agricultura<\/strong>, hay 140 millones de hect\u00e1reas afectadas por sequ\u00edas en\u00a0<strong>Argentina<\/strong>, de las cuales 7 millones se consideran de \u00abafectaci\u00f3n severa\u00bb y se encuentran en la zona n\u00facleo:\u00a0<strong>Buenos Aires<\/strong>,\u00a0<strong>Santa Fe<\/strong>\u00a0y\u00a0<strong>Entre R\u00edos, <\/strong>seg\u00fan agencias y portales de noticias..<\/p>\n<p>En tanto, el ministerio de Desarrollo Agrario bonaerense que conduce Javier Rodr\u00edguez ya reuni\u00f3 a la Comisi\u00f3n de Emergencia Agropecuaria de Buenos Aires (Cedaba), para evaluar nuevas exenciones o condonaciones impositivas y cr\u00e9ditos especiales para los perjudicados.<\/p>\n<p>Hasta el momento, la Provincia avanz\u00f3 con medidas sobre 13 municipios bonaerenses, a la vez que estableci\u00f3 que el pr\u00f3ximo 14 de noviembre volver\u00e1 a reunirse para continuar analizando los distintos casos, que podr\u00edan alcanzar a los 44 partidos se\u00f1alados por la Mesa Nacional de Monitoreo.<\/p>\n<p>En este contexto, el ministro de Econom\u00eda, Sergio Massa, anunci\u00f3 medidas especiales para los productores afectados por inclemencias clim\u00e1ticas y tambi\u00e9n un tipo de cambio diferencial para que los productores regionales puedan exportar sus productos.<\/p>\n<p>\u201cEn concreto, as\u00ed como en alg\u00fan momento tomamos la decisi\u00f3n de promover el complejo agroexportador de la cadena de la soja, todas las econom\u00edas que ingresen al programa Precios Justos y al programa de protecci\u00f3n, los productores, entre el 20 de noviembre y el 20 de diciembre, van a tener un tipo de cambio diferenciado y promovido\u201d, detall\u00f3<strong>(VW)<\/strong>.<\/p>\n<\/div>\n<\/section>\n","protected":false},"excerpt":{"rendered":"<p>El impacto clim\u00e1tico afecta tambi\u00e9n a los municipios de de Santa Fe y Entre R\u00edos. En Buenos Aires ya se reuni\u00f3 la Mesa de Emergencia Agropecuaria.<\/p>\n","protected":false},"author":3,"featured_media":8103,"comment_status":"closed","ping_status":"closed","sticky":false,"template":"","format":"standard","meta":{"_monsterinsights_skip_tracking":false,"_monsterinsights_sitenote_active":false,"_monsterinsights_sitenote_note":"","_monsterinsights_sitenote_category":0,"footnotes":""},"categories":[8,1],"tags":[3008,3381,1637],"class_list":["post-8102","post","type-post","status-publish","format-standard","has-post-thumbnail","hentry","category-interes-general","category-uncategorized","tag-mda","tag-perdidas","tag-sequia"],"_links":{"self":[{"href":"https:\/\/www.visionweb.com.ar\/index.php?rest_route=\/wp\/v2\/posts\/8102","targetHints":{"allow":["GET"]}}],"collection":[{"href":"https:\/\/www.visionweb.com.ar\/index.php?rest_route=\/wp\/v2\/posts"}],"about":[{"href":"https:\/\/www.visionweb.com.ar\/index.php?rest_route=\/wp\/v2\/types\/post"}],"author":[{"embeddable":true,"href":"https:\/\/www.visionweb.com.ar\/index.php?rest_route=\/wp\/v2\/users\/3"}],"replies":[{"embeddable":true,"href":"https:\/\/www.visionweb.com.ar\/index.php?rest_route=%2Fwp%2Fv2%2Fcomments&post=8102"}],"version-history":[{"count":5,"href":"https:\/\/www.visionweb.com.ar\/index.php?rest_route=\/wp\/v2\/posts\/8102\/revisions"}],"predecessor-version":[{"id":8108,"href":"https:\/\/www.visionweb.com.ar\/index.php?rest_route=\/wp\/v2\/posts\/8102\/revisions\/8108"}],"wp:featuredmedia":[{"embeddable":true,"href":"https:\/\/www.visionweb.com.ar\/index.php?rest_route=\/wp\/v2\/media\/8103"}],"wp:attachment":[{"href":"https:\/\/www.visionweb.com.ar\/index.php?rest_route=%2Fwp%2Fv2%2Fmedia&parent=8102"}],"wp:term":[{"taxonomy":"category","embeddable":true,"href":"https:\/\/www.visionweb.com.ar\/index.php?rest_route=%2Fwp%2Fv2%2Fcategories&post=8102"},{"taxonomy":"post_tag","embeddable":true,"href":"https:\/\/www.visionweb.com.ar\/index.php?rest_route=%2Fwp%2Fv2%2Ftags&post=8102"}],"curies":[{"name":"wp","href":"https:\/\/api.w.org\/{rel}","templated":true}]}}