{"id":8098,"date":"2022-11-08T12:02:10","date_gmt":"2022-11-08T15:02:10","guid":{"rendered":"https:\/\/www.visionweb.com.ar\/?p=8098"},"modified":"2022-11-08T12:02:10","modified_gmt":"2022-11-08T15:02:10","slug":"se-viene-la-noche-de-las-heladerias-2022","status":"publish","type":"post","link":"https:\/\/www.visionweb.com.ar\/?p=8098","title":{"rendered":"Se viene la noche de las helader\u00edas 2022"},"content":{"rendered":"<p><em><strong>Este a\u00f1o tendr\u00e1 como tem\u00e1tica\u00a0el Mundial Catar Helado\u00a0y el jueves 10 de noviembre ser\u00e1 La Noche del 10, con 2 x 1 en cuarto kilo en todo el pa\u00eds.<\/strong><\/em><!--more--><\/p>\n<p><strong><img loading=\"lazy\" decoding=\"async\" class=\"size-medium wp-image-8100 alignright\" src=\"https:\/\/www.visionweb.com.ar\/wp-content\/uploads\/2022\/11\/la-noche-heladerias-2022-300x300.jpg\" alt=\"\" width=\"300\" height=\"300\" srcset=\"https:\/\/www.visionweb.com.ar\/wp-content\/uploads\/2022\/11\/la-noche-heladerias-2022-300x300.jpg 300w, https:\/\/www.visionweb.com.ar\/wp-content\/uploads\/2022\/11\/la-noche-heladerias-2022-150x150.jpg 150w, https:\/\/www.visionweb.com.ar\/wp-content\/uploads\/2022\/11\/la-noche-heladerias-2022-80x80.jpg 80w, https:\/\/www.visionweb.com.ar\/wp-content\/uploads\/2022\/11\/la-noche-heladerias-2022-320x320.jpg 320w, https:\/\/www.visionweb.com.ar\/wp-content\/uploads\/2022\/11\/la-noche-heladerias-2022-65x65.jpg 65w, https:\/\/www.visionweb.com.ar\/wp-content\/uploads\/2022\/11\/la-noche-heladerias-2022.bmp 560w\" sizes=\"auto, (max-width: 300px) 100vw, 300px\" \/>L<\/strong>a Asociaci\u00f3n Fabricantes Artesanales de Helados y Afines (AFADHYA) prepara\u00a0<strong>la tradicional Noche de las Helader\u00edas <\/strong>en el marco de la 38\u00ba edici\u00f3n de la Semana del Aut\u00e9ntico Helado Artesanal, donde en cada local adherido se podr\u00e1n encontrar los equipos de sabores y participar de sorteos en redes sociales de AFADHYA.<\/p>\n<p>AFADHYA a la vez, invita al<strong>\u00a0<\/strong><strong>\u201cmundial de catar Helado Artesanal\u201d para degustar las diferentes opciones de sabores que ofrecen, y tambi\u00e9n podr\u00e1n ganar 50 kilos de helado en las redes sociales.<\/strong><\/p>\n<p><strong>La Noche<\/strong><strong> de las helader\u00edas<\/strong>\u00a0es <strong>este jueves 10 de noviembre<\/strong>, desde las 19 horas hasta el cierre de cada local adherido,<strong>\u00a0<\/strong><strong>con la compra de un cuarto kilo\u00a0de helado se regalar\u00e1 otro cuarto m\u00e1s.<\/strong><\/p>\n<p>En los eventos se podr\u00e1\u00a0<strong>conocer a las maestras y maestros heladeros, y hasta ver c\u00f3mo se elabora<\/strong>\u00a0el verdadero y aut\u00e9ntico helado artesanal argentino.<\/p>\n<p>Otra novedad de esta edici\u00f3n es la presentaci\u00f3n de la <strong>\u201cDulce Scaloneta\u201d, una receta in\u00e9dita<\/strong>\u00a0que los heladeros artesanales del pa\u00eds crearon para alentar a la selecci\u00f3n en el mundial que ya se aproxima, y \u00a0consiste en una\u00a0<strong>base del tradicional dulce de leche con trocitos de cucuruchos ba\u00f1ados en cobertura de chocolate blanco.<\/strong><\/p>\n<p><strong>\u00a0<\/strong>Hay m\u00e1s de 300 locales de helado artesanal adheridos en todo el pa\u00eds.\u00a0Habr\u00e1 acciones solidarias a beneficio del comedor <strong>Los Piletones<\/strong>, la <strong>Casa del Teatro<\/strong> y la <strong>Fundaci\u00f3n Casa Garrahan<\/strong> y prometen muchas sorpresas m\u00e1s. <strong>(VW)<\/strong><\/p>\n<p>&nbsp;<\/p>\n","protected":false},"excerpt":{"rendered":"<p>Este a\u00f1o tendr\u00e1 como tem\u00e1tica\u00a0el Mundial Catar Helado\u00a0y el jueves 10 de noviembre ser\u00e1 La Noche del 10, con 2 x 1 en cuarto kilo en todo el pa\u00eds.<\/p>\n","protected":false},"author":4,"featured_media":8100,"comment_status":"closed","ping_status":"closed","sticky":false,"template":"","format":"standard","meta":{"_monsterinsights_skip_tracking":false,"_monsterinsights_sitenote_active":false,"_monsterinsights_sitenote_note":"","_monsterinsights_sitenote_category":0,"footnotes":""},"categories":[8],"tags":[3380,3379,3378],"class_list":["post-8098","post","type-post","status-publish","format-standard","has-post-thumbnail","hentry","category-interes-general","tag-afadhya","tag-dulce-scaloneta","tag-la-noche-de-kas-heladerias"],"_links":{"self":[{"href":"https:\/\/www.visionweb.com.ar\/index.php?rest_route=\/wp\/v2\/posts\/8098","targetHints":{"allow":["GET"]}}],"collection":[{"href":"https:\/\/www.visionweb.com.ar\/index.php?rest_route=\/wp\/v2\/posts"}],"about":[{"href":"https:\/\/www.visionweb.com.ar\/index.php?rest_route=\/wp\/v2\/types\/post"}],"author":[{"embeddable":true,"href":"https:\/\/www.visionweb.com.ar\/index.php?rest_route=\/wp\/v2\/users\/4"}],"replies":[{"embeddable":true,"href":"https:\/\/www.visionweb.com.ar\/index.php?rest_route=%2Fwp%2Fv2%2Fcomments&post=8098"}],"version-history":[{"count":2,"href":"https:\/\/www.visionweb.com.ar\/index.php?rest_route=\/wp\/v2\/posts\/8098\/revisions"}],"predecessor-version":[{"id":8101,"href":"https:\/\/www.visionweb.com.ar\/index.php?rest_route=\/wp\/v2\/posts\/8098\/revisions\/8101"}],"wp:featuredmedia":[{"embeddable":true,"href":"https:\/\/www.visionweb.com.ar\/index.php?rest_route=\/wp\/v2\/media\/8100"}],"wp:attachment":[{"href":"https:\/\/www.visionweb.com.ar\/index.php?rest_route=%2Fwp%2Fv2%2Fmedia&parent=8098"}],"wp:term":[{"taxonomy":"category","embeddable":true,"href":"https:\/\/www.visionweb.com.ar\/index.php?rest_route=%2Fwp%2Fv2%2Fcategories&post=8098"},{"taxonomy":"post_tag","embeddable":true,"href":"https:\/\/www.visionweb.com.ar\/index.php?rest_route=%2Fwp%2Fv2%2Ftags&post=8098"}],"curies":[{"name":"wp","href":"https:\/\/api.w.org\/{rel}","templated":true}]}}