{"id":8084,"date":"2022-11-07T21:28:04","date_gmt":"2022-11-08T00:28:04","guid":{"rendered":"https:\/\/www.visionweb.com.ar\/?p=8084"},"modified":"2022-11-07T21:28:04","modified_gmt":"2022-11-08T00:28:04","slug":"futbol-primera-b-el-nuevo-entrenador-de-talleres-es-matias-de-cicco","status":"publish","type":"post","link":"https:\/\/www.visionweb.com.ar\/?p=8084","title":{"rendered":"F\u00fatbol Primera B: El nuevo entrenador de Talleres es Mat\u00edas De Cicco"},"content":{"rendered":"<p><em><strong>Comenz\u00f3 la era Mat\u00edas de Cicco en Talleres. El flamante\u00a0entrenador fue presentado este lunes en el marco de la pr\u00e1ctica del plantel en el predio Javier Zanetti.<\/strong><\/em><!--more--><\/p>\n<div id=\"attachment_8086\" style=\"width: 310px\" class=\"wp-caption alignright\"><img loading=\"lazy\" decoding=\"async\" aria-describedby=\"caption-attachment-8086\" class=\"wp-image-8086 size-medium\" src=\"https:\/\/www.visionweb.com.ar\/wp-content\/uploads\/2022\/11\/Club-Talleres-foto-300x153.jpg\" alt=\"\" width=\"300\" height=\"153\" srcset=\"https:\/\/www.visionweb.com.ar\/wp-content\/uploads\/2022\/11\/Club-Talleres-foto-300x153.jpg 300w, https:\/\/www.visionweb.com.ar\/wp-content\/uploads\/2022\/11\/Club-Talleres-foto-768x391.jpg 768w, https:\/\/www.visionweb.com.ar\/wp-content\/uploads\/2022\/11\/Club-Talleres-foto.bmp 816w\" sizes=\"auto, (max-width: 300px) 100vw, 300px\" \/><p id=\"caption-attachment-8086\" class=\"wp-caption-text\">Foto: Club Talleres<\/p><\/div>\n<p><strong>E<\/strong>l vicepresidente del <strong>Club Talleres de Remedios de Escalada<\/strong> (CAT) Alejandro Freije, junto a miembros del consejo de f\u00fatbol, present\u00f3 al plantel este lunes por la ma\u00f1ana, al flamante entrenador albirrojo <strong>Mat\u00edas De Cicco,<\/strong> en el predio \u201cJavier Zanetti\u201d.<\/p>\n<p><strong>\u00a0<\/strong>Tras ser confirmado por el Consejo de F\u00faltbol, el nuevo entrenador, que reemplaz\u00f3 a Norberto D&#8217;Angelo, <strong>ya dirigi\u00f3 su primera pr\u00e1ctica<\/strong>, en el predio Javier Zanetti.<\/p>\n<p>En referencia a su llegada a<strong> Talleres<\/strong><strong>\u00a0<\/strong> por su parte, el ex DT de Ituzaing\u00f3, de 43 a\u00f1os, se\u00f1al\u00f3 que \u00abel proyecto, es lograr un equipo competitivo\u00bb. \u00abEs el objetivo m\u00e1s importante. Que trate de imponer su juego de igual a igual, tanto de local como de visitante. <strong>Un equipo protagonista<\/strong>\u00ab, subray\u00f3.<\/p>\n<p>El Consejo de F\u00fatbol, adem\u00e1s, de\u00a0<strong>De Cicco<\/strong>, anunci\u00f3 la contrataci\u00f3n de\u00a0<strong>Claudio Scoglio\u00a0<\/strong>(57 a\u00f1os) como Asesor T\u00e9cnico, cargo que ejerci\u00f3 en diversos clubes de distintas categor\u00edas del ascenso del f\u00fatbol argentino, entre ellos, Comunicaciones\u00a0y\u00a0Barracas Central.<\/p>\n<p>Al respecto, desde la instituci\u00f3n informaron que: \u201cEst\u00e1 acompa\u00f1ado de Adri\u00e1n Gerry y Jossimar Mosquera como ayudantes de campo y los preparadores f\u00edsicos Hern\u00e1n Jim\u00e9nez y Nicol\u00e1s Vezzoni. Miguel R\u00edos es el entrenador de arqueros. Completan el cuerpo t\u00e9cnico Heber Lajst, Facundo Otero, el Dr. Alberto Bl\u00e1zquez y el kinesi\u00f3logo Juan Alonso\u201d.<\/p>\n<p>El plantel de\u00a0Talleres retom\u00f3 en octubre los entrenamientos en el estadio Pablo Comelli, tras la licencia y la salida del \u00a0anterior entrenador Norberto D\u00b4Angelo, en octubre.<strong> (VW)<\/strong><\/p>\n<p>&nbsp;<\/p>\n","protected":false},"excerpt":{"rendered":"<p>Comenz\u00f3 la era Mat\u00edas de Cicco en Talleres. El flamante\u00a0entrenador fue presentado este lunes en el marco de la pr\u00e1ctica del plantel en el predio Javier Zanetti.<\/p>\n","protected":false},"author":4,"featured_media":8086,"comment_status":"closed","ping_status":"closed","sticky":false,"template":"","format":"standard","meta":{"_monsterinsights_skip_tracking":false,"_monsterinsights_sitenote_active":false,"_monsterinsights_sitenote_note":"","_monsterinsights_sitenote_category":0,"footnotes":""},"categories":[3],"tags":[1371,2822,3375],"class_list":["post-8084","post","type-post","status-publish","format-standard","has-post-thumbnail","hentry","category-actualidad","tag-cat","tag-club-talleres","tag-entrenador-matias-de-cicco"],"_links":{"self":[{"href":"https:\/\/www.visionweb.com.ar\/index.php?rest_route=\/wp\/v2\/posts\/8084","targetHints":{"allow":["GET"]}}],"collection":[{"href":"https:\/\/www.visionweb.com.ar\/index.php?rest_route=\/wp\/v2\/posts"}],"about":[{"href":"https:\/\/www.visionweb.com.ar\/index.php?rest_route=\/wp\/v2\/types\/post"}],"author":[{"embeddable":true,"href":"https:\/\/www.visionweb.com.ar\/index.php?rest_route=\/wp\/v2\/users\/4"}],"replies":[{"embeddable":true,"href":"https:\/\/www.visionweb.com.ar\/index.php?rest_route=%2Fwp%2Fv2%2Fcomments&post=8084"}],"version-history":[{"count":2,"href":"https:\/\/www.visionweb.com.ar\/index.php?rest_route=\/wp\/v2\/posts\/8084\/revisions"}],"predecessor-version":[{"id":8087,"href":"https:\/\/www.visionweb.com.ar\/index.php?rest_route=\/wp\/v2\/posts\/8084\/revisions\/8087"}],"wp:featuredmedia":[{"embeddable":true,"href":"https:\/\/www.visionweb.com.ar\/index.php?rest_route=\/wp\/v2\/media\/8086"}],"wp:attachment":[{"href":"https:\/\/www.visionweb.com.ar\/index.php?rest_route=%2Fwp%2Fv2%2Fmedia&parent=8084"}],"wp:term":[{"taxonomy":"category","embeddable":true,"href":"https:\/\/www.visionweb.com.ar\/index.php?rest_route=%2Fwp%2Fv2%2Fcategories&post=8084"},{"taxonomy":"post_tag","embeddable":true,"href":"https:\/\/www.visionweb.com.ar\/index.php?rest_route=%2Fwp%2Fv2%2Ftags&post=8084"}],"curies":[{"name":"wp","href":"https:\/\/api.w.org\/{rel}","templated":true}]}}