{"id":8080,"date":"2022-11-07T20:32:20","date_gmt":"2022-11-07T23:32:20","guid":{"rendered":"https:\/\/www.visionweb.com.ar\/?p=8080"},"modified":"2022-11-07T20:32:20","modified_gmt":"2022-11-07T23:32:20","slug":"aun-no-hay-definiciones-sobre-el-paro-de-colectivos-en-todo-el-pais-para-manana","status":"publish","type":"post","link":"https:\/\/www.visionweb.com.ar\/?p=8080","title":{"rendered":"A\u00fan no hay definiciones sobre el \u00a0paro de Colectivos en todo el pa\u00eds para ma\u00f1ana"},"content":{"rendered":"<p><em><strong>Habr\u00eda una reuni\u00f3n con el Gobierno que definir\u00eda si finalmente ma\u00f1ana martes habr\u00e1 un Paro de Colectivos por 24 horas o no.\u00a0A\u00fan no hay precisiones.<\/strong><\/em><!--more--><\/p>\n<div id=\"attachment_8082\" style=\"width: 310px\" class=\"wp-caption alignright\"><img loading=\"lazy\" decoding=\"async\" aria-describedby=\"caption-attachment-8082\" class=\"wp-image-8082 size-medium\" src=\"https:\/\/www.visionweb.com.ar\/wp-content\/uploads\/2022\/11\/Transportes-paro-nacional-ugat-300x296.jpg\" alt=\"\" width=\"300\" height=\"296\" srcset=\"https:\/\/www.visionweb.com.ar\/wp-content\/uploads\/2022\/11\/Transportes-paro-nacional-ugat-300x296.jpg 300w, https:\/\/www.visionweb.com.ar\/wp-content\/uploads\/2022\/11\/Transportes-paro-nacional-ugat-80x80.jpg 80w, https:\/\/www.visionweb.com.ar\/wp-content\/uploads\/2022\/11\/Transportes-paro-nacional-ugat-65x65.jpg 65w, https:\/\/www.visionweb.com.ar\/wp-content\/uploads\/2022\/11\/Transportes-paro-nacional-ugat.bmp 608w\" sizes=\"auto, (max-width: 300px) 100vw, 300px\" \/><p id=\"caption-attachment-8082\" class=\"wp-caption-text\">Foto:@FraternidadArg #Ugatt<\/p><\/div>\n<p><strong> \u00a0 L<\/strong>a\u00a0<strong>Uni\u00f3n General de Asociaciones de Trabajadores del Transporte<\/strong>\u00a0(UGATT) anunci\u00f3 un paro de transportes de 24 horas en todo el pa\u00eds, en \u00a0<strong>reclamo de un bono de 50 mil pesos<\/strong>\u00a0<strong>antes de fin de a\u00f1o<\/strong> para jubilados y pensionados.<\/p>\n<p>Ver nota <strong>VW<\/strong> del 21 de octubre: <a href=\"https:\/\/www.visionweb.com.ar\/?p=7836\">https:\/\/www.visionweb.com.ar\/?p=7836<\/a><\/p>\n<p>El Gobierno intenta desactivar el\u00a0<strong>paro de transporte<\/strong>, convocado para ma\u00f1ana en todo el pa\u00eds, pero todav\u00eda no hay definiciones.<\/p>\n<p>La medida fue anunciada por la UGATT, que, entre otros, agrupa a conductores de trenes y colectivos, y al momento del cierre de esta nota no hay confirmaciones, luego de la reuni\u00f3n de este lunes entre los sindicatos con representantes del gobierno para intentar obtener respuesta favorable a sus reclamos.\u00a0Pero <strong>s<\/strong><strong>i no hay acuerdo, ya anunciaron que habr\u00e1 paro.<\/strong><\/p>\n<p><strong>\u00abLa medida de fuerza se realizar\u00e1 el 8 de noviembre en todo el territorio nacional\u00bb<\/strong>, indicaron desde el gremio.<\/p>\n<p>\u201cSe est\u00e1n olvidando de los compa\u00f1eros y de nuestras ra\u00edces, no nos podemos olvidar. Los jubilados tienen que pasar su Navidad y A\u00f1o Nuevo, por eso lo pedimos para el mes de diciembre, porque est\u00e1 jodido de verdad\u201d, expres\u00f3 Omar Maturano. <strong>(VW)<\/strong><\/p>\n","protected":false},"excerpt":{"rendered":"<p>Habr\u00eda una reuni\u00f3n con el Gobierno que definir\u00eda si finalmente ma\u00f1ana martes habr\u00e1 un Paro de Colectivos por 24 horas o no.\u00a0A\u00fan no hay precisiones.<\/p>\n","protected":false},"author":4,"featured_media":8082,"comment_status":"closed","ping_status":"closed","sticky":false,"template":"","format":"standard","meta":{"_monsterinsights_skip_tracking":false,"_monsterinsights_sitenote_active":false,"_monsterinsights_sitenote_note":"","_monsterinsights_sitenote_category":0,"footnotes":""},"categories":[8],"tags":[3373,3374,3372,3255],"class_list":["post-8080","post","type-post","status-publish","format-standard","has-post-thumbnail","hentry","category-interes-general","tag-8-de-noviembre","tag-omar-maturano","tag-paro-de-transportes","tag-ugatt"],"_links":{"self":[{"href":"https:\/\/www.visionweb.com.ar\/index.php?rest_route=\/wp\/v2\/posts\/8080","targetHints":{"allow":["GET"]}}],"collection":[{"href":"https:\/\/www.visionweb.com.ar\/index.php?rest_route=\/wp\/v2\/posts"}],"about":[{"href":"https:\/\/www.visionweb.com.ar\/index.php?rest_route=\/wp\/v2\/types\/post"}],"author":[{"embeddable":true,"href":"https:\/\/www.visionweb.com.ar\/index.php?rest_route=\/wp\/v2\/users\/4"}],"replies":[{"embeddable":true,"href":"https:\/\/www.visionweb.com.ar\/index.php?rest_route=%2Fwp%2Fv2%2Fcomments&post=8080"}],"version-history":[{"count":2,"href":"https:\/\/www.visionweb.com.ar\/index.php?rest_route=\/wp\/v2\/posts\/8080\/revisions"}],"predecessor-version":[{"id":8083,"href":"https:\/\/www.visionweb.com.ar\/index.php?rest_route=\/wp\/v2\/posts\/8080\/revisions\/8083"}],"wp:featuredmedia":[{"embeddable":true,"href":"https:\/\/www.visionweb.com.ar\/index.php?rest_route=\/wp\/v2\/media\/8082"}],"wp:attachment":[{"href":"https:\/\/www.visionweb.com.ar\/index.php?rest_route=%2Fwp%2Fv2%2Fmedia&parent=8080"}],"wp:term":[{"taxonomy":"category","embeddable":true,"href":"https:\/\/www.visionweb.com.ar\/index.php?rest_route=%2Fwp%2Fv2%2Fcategories&post=8080"},{"taxonomy":"post_tag","embeddable":true,"href":"https:\/\/www.visionweb.com.ar\/index.php?rest_route=%2Fwp%2Fv2%2Ftags&post=8080"}],"curies":[{"name":"wp","href":"https:\/\/api.w.org\/{rel}","templated":true}]}}