{"id":8075,"date":"2022-11-07T20:00:59","date_gmt":"2022-11-07T23:00:59","guid":{"rendered":"https:\/\/www.visionweb.com.ar\/?p=8075"},"modified":"2022-11-07T20:00:59","modified_gmt":"2022-11-07T23:00:59","slug":"lanus-un-auto-fuera-de-control-se-incrusto-en-la-pizzeria-las-palmas","status":"publish","type":"post","link":"https:\/\/www.visionweb.com.ar\/?p=8075","title":{"rendered":"Lan\u00fas: Un auto fuera de control se incrust\u00f3 en la pizzer\u00eda Las Palmas"},"content":{"rendered":"<p><em><strong>El conductor estaba alcoholizado, atropell\u00f3 a una mujer y lastim\u00f3 a uno de los clientes del local gastron\u00f3mico.<\/strong><\/em><strong>\u00a0<\/strong><!--more--><\/p>\n<div id=\"attachment_8077\" style=\"width: 310px\" class=\"wp-caption alignright\"><img loading=\"lazy\" decoding=\"async\" aria-describedby=\"caption-attachment-8077\" class=\"wp-image-8077 size-medium\" src=\"https:\/\/www.visionweb.com.ar\/wp-content\/uploads\/2022\/11\/las-palmas-se-estrello-un-auto-300x226.jpg\" alt=\"\" width=\"300\" height=\"226\" srcset=\"https:\/\/www.visionweb.com.ar\/wp-content\/uploads\/2022\/11\/las-palmas-se-estrello-un-auto-300x226.jpg 300w, https:\/\/www.visionweb.com.ar\/wp-content\/uploads\/2022\/11\/las-palmas-se-estrello-un-auto-320x240.jpg 320w, https:\/\/www.visionweb.com.ar\/wp-content\/uploads\/2022\/11\/las-palmas-se-estrello-un-auto.bmp 597w\" sizes=\"auto, (max-width: 300px) 100vw, 300px\" \/><p id=\"caption-attachment-8077\" class=\"wp-caption-text\">Conductor colision\u00f3 contra las puertas de Las Palnas. (Foto: municipio de Lan\u00fas)<\/p><\/div>\n<p><strong>\u00a0 \u00a0 \u00a0 \u00a0 \u00a0 \u00a0 \u00a0 \u00a0 U<\/strong>n conductor alcoholizado perdi\u00f3 el control con su auto y choc\u00f3 contra la emblem\u00e1tica pizzer\u00eda <strong>\u201cLas Palmas\u201d,<\/strong>\u00a0en <strong>Av.\u00a0Hip\u00f3lito Yrigoyen<\/strong>\u00a0al\u00a04400,\u00a0en\u00a0una zona muy concurrida a metros de la Estaci\u00f3n de Trenes.\u00a0Por el accidente\u00a0<strong>resultaron heridas dos personas<\/strong>, una mujer que circulaba por el lugar y un cliente del local, que se encuentran fuera de peligro.<\/p>\n<p>El hecho ocurri\u00f3 a las\u00a05:40\u00a0del domingo, en el establecimiento gastron\u00f3mico\u00a0Las Palmas, que los viernes y s\u00e1bados atiende durante las 24 horas, y tuvo ayer un suceso inesperado cuando ingres\u00f3\u00a0<strong>un auto por su puerta principal de blindex y colision\u00f3 contra un \u00e1rbol de Navidad, recientemente ubicado justo en un lugar donde habitualmente hay mesas<\/strong>.<\/p>\n<p><a href=\"https:\/\/www.visionweb.com.ar\/wp-content\/uploads\/2022\/11\/pizzera-las-palmas.bmp\"><img loading=\"lazy\" decoding=\"async\" class=\"size-medium wp-image-8078 alignleft\" src=\"https:\/\/www.visionweb.com.ar\/wp-content\/uploads\/2022\/11\/pizzera-las-palmas-300x167.jpg\" alt=\"\" width=\"300\" height=\"167\" srcset=\"https:\/\/www.visionweb.com.ar\/wp-content\/uploads\/2022\/11\/pizzera-las-palmas-300x167.jpg 300w, https:\/\/www.visionweb.com.ar\/wp-content\/uploads\/2022\/11\/pizzera-las-palmas.bmp 677w\" sizes=\"auto, (max-width: 300px) 100vw, 300px\" \/><\/a>Al ingresar dentro del local, el auto\u00a0<strong>embisti\u00f3 a una mujer que, al igual que el conductor, fueron atendidos por las ambulancias del SAME<\/strong><strong>\u00a0<\/strong>a causa de los cortes que sufrieron y fueron trasladados al hospital para estudios m\u00e1s detallados.<\/p>\n<p>Algunos testigos indicaron que el conductor hizo una\u00a0<strong>mala maniobra a causa de su estado de ebriedad.<\/strong><strong> (VW)<\/strong><\/p>\n<p>&nbsp;<\/p>\n","protected":false},"excerpt":{"rendered":"<p>El conductor estaba alcoholizado, atropell\u00f3 a una mujer y lastim\u00f3 a uno de los clientes del local gastron\u00f3mico.\u00a0<\/p>\n","protected":false},"author":4,"featured_media":8078,"comment_status":"closed","ping_status":"closed","sticky":false,"template":"","format":"standard","meta":{"_monsterinsights_skip_tracking":false,"_monsterinsights_sitenote_active":false,"_monsterinsights_sitenote_note":"","_monsterinsights_sitenote_category":0,"footnotes":""},"categories":[3],"tags":[3371,19,3370],"class_list":["post-8075","post","type-post","status-publish","format-standard","has-post-thumbnail","hentry","category-actualidad","tag-auto-colisiono-ontra-la-puerta","tag-lanus","tag-pizzeria-las-palmas"],"_links":{"self":[{"href":"https:\/\/www.visionweb.com.ar\/index.php?rest_route=\/wp\/v2\/posts\/8075","targetHints":{"allow":["GET"]}}],"collection":[{"href":"https:\/\/www.visionweb.com.ar\/index.php?rest_route=\/wp\/v2\/posts"}],"about":[{"href":"https:\/\/www.visionweb.com.ar\/index.php?rest_route=\/wp\/v2\/types\/post"}],"author":[{"embeddable":true,"href":"https:\/\/www.visionweb.com.ar\/index.php?rest_route=\/wp\/v2\/users\/4"}],"replies":[{"embeddable":true,"href":"https:\/\/www.visionweb.com.ar\/index.php?rest_route=%2Fwp%2Fv2%2Fcomments&post=8075"}],"version-history":[{"count":2,"href":"https:\/\/www.visionweb.com.ar\/index.php?rest_route=\/wp\/v2\/posts\/8075\/revisions"}],"predecessor-version":[{"id":8079,"href":"https:\/\/www.visionweb.com.ar\/index.php?rest_route=\/wp\/v2\/posts\/8075\/revisions\/8079"}],"wp:featuredmedia":[{"embeddable":true,"href":"https:\/\/www.visionweb.com.ar\/index.php?rest_route=\/wp\/v2\/media\/8078"}],"wp:attachment":[{"href":"https:\/\/www.visionweb.com.ar\/index.php?rest_route=%2Fwp%2Fv2%2Fmedia&parent=8075"}],"wp:term":[{"taxonomy":"category","embeddable":true,"href":"https:\/\/www.visionweb.com.ar\/index.php?rest_route=%2Fwp%2Fv2%2Fcategories&post=8075"},{"taxonomy":"post_tag","embeddable":true,"href":"https:\/\/www.visionweb.com.ar\/index.php?rest_route=%2Fwp%2Fv2%2Ftags&post=8075"}],"curies":[{"name":"wp","href":"https:\/\/api.w.org\/{rel}","templated":true}]}}