{"id":8066,"date":"2022-11-07T09:04:23","date_gmt":"2022-11-07T12:04:23","guid":{"rendered":"https:\/\/www.visionweb.com.ar\/?p=8066"},"modified":"2022-11-07T00:40:08","modified_gmt":"2022-11-07T03:40:08","slug":"el-consejo-federal-de-turismo-sesiono-en-san-luis","status":"publish","type":"post","link":"https:\/\/www.visionweb.com.ar\/?p=8066","title":{"rendered":"El Consejo Federal de Turismo sesion\u00f3 en San Luis"},"content":{"rendered":"<p><em><strong>Se llev\u00f3 a cabo la\u00a0160\u00aa Asamblea del Consejo Federal de Turismo (CFT) en la ciudad de Potrero de los Funes, San Luis. Estuvo encabezada por el ministro de Turismo y Deportes de la Naci\u00f3n,\u00a0Mat\u00edas Lammens, y el gobernador de la provincia,\u00a0Alberto Rodr\u00edguez Sa\u00e1.<\/strong><\/em><!--more--><\/p>\n<p><img loading=\"lazy\" decoding=\"async\" class=\"size-medium wp-image-8067 alignright\" src=\"https:\/\/www.visionweb.com.ar\/wp-content\/uploads\/2022\/11\/ASAMBLEA-DE-TURISMO-300x200.png\" alt=\"\" width=\"300\" height=\"200\" srcset=\"https:\/\/www.visionweb.com.ar\/wp-content\/uploads\/2022\/11\/ASAMBLEA-DE-TURISMO-300x200.png 300w, https:\/\/www.visionweb.com.ar\/wp-content\/uploads\/2022\/11\/ASAMBLEA-DE-TURISMO-768x513.png 768w, https:\/\/www.visionweb.com.ar\/wp-content\/uploads\/2022\/11\/ASAMBLEA-DE-TURISMO.png 800w\" sizes=\"auto, (max-width: 300px) 100vw, 300px\" \/>Con la participaci\u00f3n de delgados de todo el pa\u00eds se realiz\u00f3, d\u00edas atr\u00e1s,. la 160\u00aa Edici\u00f3n del Consejo Federal de Turismo en la ciudad puntana de Potero d Los Funes.<\/p>\n<p>En la ocasi\u00f3n, el ministro de Turismo y Deportes, Mat\u00edas Lammens, junto al gobernador Alberto Rodr\u00edguez Saa, recorriereon la obra el Paseo de Los Lagos,\u00a0 construido en la margen sur del lago Potrero de Los Funes, con recursos aportados por la naci\u00f3n.<\/p>\n<p>Adem\u00e1s, firm\u00f3 un acta de intenci\u00f3n para el desarrollo de proyectos de <a href=\"https:\/\/larutanatural.gob.ar\/\">La Ruta Natural<\/a>\u00a0que permiten ampliar la oferta de San Luis: la puesta en valor de ruta esc\u00e9nica e interpretaci\u00f3n de Mesilla del Cura y Salinas del Bebedero.<\/p>\n<p><em>\u201c<\/em>San Luis ha entendido perfectamente la importancia que tiene el turismo, el desarrollo, la infraestructura y la formaci\u00f3n, y se convirti\u00f3 en una provincia \u00edcono de Argentina\u201d, sostuvo el Ministro Lammens.<\/p>\n<p>Al respecto, el titular de la cartera de Turismo y Deporte agreg\u00f3 que \u201cel turismo empieza a ser una actividad observada por el empuje de su crecimiento, por los grandes n\u00fameros que reflejan la recuperaci\u00f3n de empleo y de crecimiento interanual econ\u00f3mico\u00bb, subray\u00f3.<\/p>\n<p>En este sentido el funcionario y ex dirigente de San Lorenzo, a\u00f1adi\u00f3 que\u00a0 \u00abel gran desaf\u00edo hacia adelante es el turismo receptivo, por lo que es muy importante la medida que anunciamos ayer junto al ministro Massa para terminar de consolidar la recuperaci\u00f3n\u201d.<\/p>\n<p>El Gobernador, por su parte, celebr\u00f3 que se est\u00e9 desarrollando la Asamblea en la provincia y agradeci\u00f3 la presencia de las autoridades nacionales.<\/p>\n<p><strong>Los presentes<\/strong><\/p>\n<p>Tambi\u00e9n estuvieron presentes la secretaria de Promoci\u00f3n Tur\u00edstica de la Naci\u00f3n, Yanina Mart\u00ednez; el secretario de Turismo de la Provincia, Luis \u201cPiri\u201d Macagno; el presidente del CFT y del Ente Tucum\u00e1n Turismo, Sebasti\u00e1n Giobellina; el presidente de la Federaci\u00f3n Empresaria Hotelera Gastron\u00f3mica de la Rep\u00fablica Argentina (FEHGRA), Fernando Desbots; y el presidente de la Federaci\u00f3n Argentina de Asociaciones de empresas de viajes y turismo (FAEVYT), Andr\u00e9s Dey\u00e1, adem\u00e1s de autoridades y referentes provinciales.<\/p>\n<p>El secretario Macagno destac\u00f3: \u201cEl 83% de la actividad tur\u00edstica se concentra fuera de las principales ciudades de San Luis, por lo que la distribuci\u00f3n econ\u00f3mica en nuestra provincia es muy equitativa\u201d.<\/p>\n<p>Adem\u00e1s agradeci\u00f3 al Ministerio por el programa 50 Destinos mediante el cual se siguen promoviendo obras, registrando un r\u00e9cord de concreciones.<\/p>\n<p>Giobellina asegur\u00f3: \u201cSeguimos demostrando la capacidad de resiliencia, creando empleo, movilizando recursos. Los invito a que continuemos trabajando en asambleas activas, participativas, con proyectos consensuados para seguir creciendo en forma conjunta\u201d.<\/p>\n<p>Mart\u00ednez recalc\u00f3 por su parte: \u201cEn esta Asamblea estamos mostrando la transversalidad del turismo, convocando actores del Ministerio de Transporte, de Parques Nacionales y del sector privado, para trabajar de manera cooperativa, formando alianzas estrat\u00e9gicas\u201d.<\/p>\n<p>Luego se realiz\u00f3 una videollamada con autoridades del Ministerio de Transporte: la subsecretaria de Transporte Automotor, Laura Labat; el director Nacional de Transporte Automotor de Pasajeros, Alejandro Storello; y el gerente General Operativo de Trenes Argentinos, Marcelo S\u00e1nchez. Brindaron informaci\u00f3n sobre la recuperaci\u00f3n del transporte de pasajeros y sobre las medidas que se est\u00e1n adoptando para incrementar la conectividad y los servicios.<\/p>\n<p>Despu\u00e9s, se llev\u00f3 a cabo una presentaci\u00f3n de la Administraci\u00f3n de Parques Nacionales (APN), a cargo del director Nacional de Uso P\u00fablico, Mat\u00edas Poltorak; y de Francisco Gonz\u00e1lez Taboas, y Carlos Corval\u00e1n, vocales del Directorio. Se destac\u00f3 el trabajo en conjunto y consensuado ya que los parques son un enclave fundamental para la dinamizar las econom\u00edas regionales, y cruciales para el turismo de naturaleza.<\/p>\n<p><strong>Feria Internacional de Turismo<\/strong><\/p>\n<p>A continuaci\u00f3n, el presidente de la FAEVYT, Andr\u00e9s Dey\u00e1, present\u00f3 los resultados de la Feria Internacional de Turismo de este a\u00f1o, destacando los municipios que tuvieron stands -adem\u00e1s de sus provincias-, la presencia de La Trochita, las variadas Fiestas Nacionales, y las rondas de negocios, entre otros.<\/p>\n<p>El presidente de la FEHGRA, Fernando Desbots, realiz\u00f3 una presentaci\u00f3n sobre el portal ReservAR Alojamiento que promueve la oferta formal y le ofrece al viajero una plataforma de alojamientos registrados. Destac\u00f3 que, adem\u00e1s de nuclear solamente a establecimientos habilitados, es de utilidad para alojamientos que no utilizan herramientas digitales.<\/p>\n<p>Seguidamente fue el turno de las II\u00ba Jornadas Nacionales de Turismo del Vino, que tendr\u00e1n lugar el 24 y el 25 de noviembre en Salta. El ministro de Turismo y Deportes de esa provincia, Mario Pe\u00f1a, destac\u00f3 que ya cuenta con 400 inscriptos, y resalt\u00f3 c\u00f3mo se potenciar\u00e1n las Jornadas con la Ruta del Vino en la provincia.<\/p>\n<p>Por \u00faltimo, se confirmaron las sedes de la 161\u00aa Asamblea del CFT en Bariloche el 1 de diciembre; y del Foro Nacional de Turismo que ser\u00e1 el 23 y 24 de mayo de 2023 en Ushuaia<strong>(Noticias AgroPecuarisa)<\/strong>.<\/p>\n","protected":false},"excerpt":{"rendered":"<p>Se llev\u00f3 a cabo la\u00a0160\u00aa Asamblea del Consejo Federal de Turismo (CFT) en la ciudad de Potrero de los Funes, San Luis. Estuvo encabezada por el ministro de Turismo y Deportes de la Naci\u00f3n,\u00a0Mat\u00edas&#46;&#46;&#46;<\/p>\n","protected":false},"author":3,"featured_media":8067,"comment_status":"closed","ping_status":"closed","sticky":false,"template":"","format":"standard","meta":{"_monsterinsights_skip_tracking":false,"_monsterinsights_sitenote_active":false,"_monsterinsights_sitenote_note":"","_monsterinsights_sitenote_category":0,"footnotes":""},"categories":[700],"tags":[3368,3369,1115,49],"class_list":["post-8066","post","type-post","status-publish","format-standard","has-post-thumbnail","hentry","category-turismo","tag-asamblea","tag-convenios","tag-san-luis","tag-turismo"],"_links":{"self":[{"href":"https:\/\/www.visionweb.com.ar\/index.php?rest_route=\/wp\/v2\/posts\/8066","targetHints":{"allow":["GET"]}}],"collection":[{"href":"https:\/\/www.visionweb.com.ar\/index.php?rest_route=\/wp\/v2\/posts"}],"about":[{"href":"https:\/\/www.visionweb.com.ar\/index.php?rest_route=\/wp\/v2\/types\/post"}],"author":[{"embeddable":true,"href":"https:\/\/www.visionweb.com.ar\/index.php?rest_route=\/wp\/v2\/users\/3"}],"replies":[{"embeddable":true,"href":"https:\/\/www.visionweb.com.ar\/index.php?rest_route=%2Fwp%2Fv2%2Fcomments&post=8066"}],"version-history":[{"count":1,"href":"https:\/\/www.visionweb.com.ar\/index.php?rest_route=\/wp\/v2\/posts\/8066\/revisions"}],"predecessor-version":[{"id":8068,"href":"https:\/\/www.visionweb.com.ar\/index.php?rest_route=\/wp\/v2\/posts\/8066\/revisions\/8068"}],"wp:featuredmedia":[{"embeddable":true,"href":"https:\/\/www.visionweb.com.ar\/index.php?rest_route=\/wp\/v2\/media\/8067"}],"wp:attachment":[{"href":"https:\/\/www.visionweb.com.ar\/index.php?rest_route=%2Fwp%2Fv2%2Fmedia&parent=8066"}],"wp:term":[{"taxonomy":"category","embeddable":true,"href":"https:\/\/www.visionweb.com.ar\/index.php?rest_route=%2Fwp%2Fv2%2Fcategories&post=8066"},{"taxonomy":"post_tag","embeddable":true,"href":"https:\/\/www.visionweb.com.ar\/index.php?rest_route=%2Fwp%2Fv2%2Ftags&post=8066"}],"curies":[{"name":"wp","href":"https:\/\/api.w.org\/{rel}","templated":true}]}}