{"id":8063,"date":"2022-11-05T14:11:31","date_gmt":"2022-11-05T17:11:31","guid":{"rendered":"https:\/\/www.visionweb.com.ar\/?p=8063"},"modified":"2022-11-05T14:11:31","modified_gmt":"2022-11-05T17:11:31","slug":"grindetti-pidio-que-la-policia-local-dependa-de-los-intendentes","status":"publish","type":"post","link":"https:\/\/www.visionweb.com.ar\/?p=8063","title":{"rendered":"Grindetti pidi\u00f3 que la polic\u00eda local dependa de los intendentes"},"content":{"rendered":"<p><em><strong>El reclamo lo hizo durante una visita al municipio de San Isidro y comparti\u00f3 su proyecto con su par Gustavo Posse.<\/strong><\/em><!--more--><\/p>\n<p><strong>\u00a0 \u00a0 \u00a0 \u00a0 \u00a0 <img loading=\"lazy\" decoding=\"async\" class=\"size-medium wp-image-8064 alignright\" src=\"https:\/\/www.visionweb.com.ar\/wp-content\/uploads\/2022\/11\/CENTRO-DE-MONITOREO-DE-SI-300x217.png\" alt=\"\" width=\"300\" height=\"217\" srcset=\"https:\/\/www.visionweb.com.ar\/wp-content\/uploads\/2022\/11\/CENTRO-DE-MONITOREO-DE-SI-300x217.png 300w, https:\/\/www.visionweb.com.ar\/wp-content\/uploads\/2022\/11\/CENTRO-DE-MONITOREO-DE-SI-1024x740.png 1024w, https:\/\/www.visionweb.com.ar\/wp-content\/uploads\/2022\/11\/CENTRO-DE-MONITOREO-DE-SI-768x555.png 768w, https:\/\/www.visionweb.com.ar\/wp-content\/uploads\/2022\/11\/CENTRO-DE-MONITOREO-DE-SI-1536x1110.png 1536w, https:\/\/www.visionweb.com.ar\/wp-content\/uploads\/2022\/11\/CENTRO-DE-MONITOREO-DE-SI.png 1600w\" sizes=\"auto, (max-width: 300px) 100vw, 300px\" \/>E<\/strong>l intendente de Lan\u00fas y referente provincial del PRO, N\u00e9stor Grindetti reiter\u00f3 en las \u00faltimas horas, su pedido a la Provincia de Buenos Aires para que la polic\u00eda local dependa de los jefes comunales y pidi\u00f3 a la vez modificar el C\u00f3digo Penal<\/p>\n<p>Durante el encuentro, el jefe comunal lanusense comparti\u00f3 con Posse su proyecto para modificar el c\u00f3digo penal y agravar las penas de aquellos que delinquen contra adultos mayores, el pedido para que la Polic\u00eda Local dependa de los intendentes y la necesidad de reforzar la seguridad en el conurbano con fuerzas federales para combatir el narcotr\u00e1fico.<\/p>\n<p>\u201c Impresiona ver la tecnolog\u00eda que ha desplegado Gustavo en su centro de monitoreo y todo el trabajo de coordinaci\u00f3n con las distintas \u00e1reas del municipio, esto muestra el compromiso que tienen los intendentes por ayudar a la prevenci\u00f3n del delito por eso creemos que la provincia de Buenos Aires debe confiar m\u00e1s en la capacidad de los jefes comunales para combatir la inseguridad y descentralizar de manera m\u00e1s operativa la pol\u00edtica de prevenci\u00f3n en los distritos.\u00a0Tenemos que avanzar en que la polic\u00eda local dependa de cada municipio\u201d.<\/p>\n<p>Grindetti fue acompa\u00f1ado del diputado provincial Adri\u00e1n Urreli, autor del proyecto de ley para delegar el control de la polic\u00eda local en los intendentes.<strong>(VW)<\/strong><\/p>\n","protected":false},"excerpt":{"rendered":"<p>El reclamo lo hizo durante una visita al municipio de San Isidro y comparti\u00f3 su proyecto con su par Gustavo Posse.<\/p>\n","protected":false},"author":3,"featured_media":8064,"comment_status":"closed","ping_status":"closed","sticky":false,"template":"","format":"standard","meta":{"_monsterinsights_skip_tracking":false,"_monsterinsights_sitenote_active":false,"_monsterinsights_sitenote_note":"","_monsterinsights_sitenote_category":0,"footnotes":""},"categories":[1],"tags":[],"class_list":["post-8063","post","type-post","status-publish","format-standard","has-post-thumbnail","hentry","category-uncategorized"],"_links":{"self":[{"href":"https:\/\/www.visionweb.com.ar\/index.php?rest_route=\/wp\/v2\/posts\/8063","targetHints":{"allow":["GET"]}}],"collection":[{"href":"https:\/\/www.visionweb.com.ar\/index.php?rest_route=\/wp\/v2\/posts"}],"about":[{"href":"https:\/\/www.visionweb.com.ar\/index.php?rest_route=\/wp\/v2\/types\/post"}],"author":[{"embeddable":true,"href":"https:\/\/www.visionweb.com.ar\/index.php?rest_route=\/wp\/v2\/users\/3"}],"replies":[{"embeddable":true,"href":"https:\/\/www.visionweb.com.ar\/index.php?rest_route=%2Fwp%2Fv2%2Fcomments&post=8063"}],"version-history":[{"count":1,"href":"https:\/\/www.visionweb.com.ar\/index.php?rest_route=\/wp\/v2\/posts\/8063\/revisions"}],"predecessor-version":[{"id":8065,"href":"https:\/\/www.visionweb.com.ar\/index.php?rest_route=\/wp\/v2\/posts\/8063\/revisions\/8065"}],"wp:featuredmedia":[{"embeddable":true,"href":"https:\/\/www.visionweb.com.ar\/index.php?rest_route=\/wp\/v2\/media\/8064"}],"wp:attachment":[{"href":"https:\/\/www.visionweb.com.ar\/index.php?rest_route=%2Fwp%2Fv2%2Fmedia&parent=8063"}],"wp:term":[{"taxonomy":"category","embeddable":true,"href":"https:\/\/www.visionweb.com.ar\/index.php?rest_route=%2Fwp%2Fv2%2Fcategories&post=8063"},{"taxonomy":"post_tag","embeddable":true,"href":"https:\/\/www.visionweb.com.ar\/index.php?rest_route=%2Fwp%2Fv2%2Ftags&post=8063"}],"curies":[{"name":"wp","href":"https:\/\/api.w.org\/{rel}","templated":true}]}}