{"id":8049,"date":"2022-11-04T10:31:51","date_gmt":"2022-11-04T13:31:51","guid":{"rendered":"https:\/\/www.visionweb.com.ar\/?p=8049"},"modified":"2022-11-04T10:31:51","modified_gmt":"2022-11-04T13:31:51","slug":"acumar-convoca-a-audiencia-publica-para-debatir-la-navegabilidad-del-riachuelo","status":"publish","type":"post","link":"https:\/\/www.visionweb.com.ar\/?p=8049","title":{"rendered":"ACUMAR convoca a Audiencia P\u00fablica para debatir la navegabilidad del Riachuelo"},"content":{"rendered":"<p><em><strong>El organismo pondr\u00e1 a consideraci\u00f3n la propuesta de retomar las navegaciones en el tramo final de la Cuenca, a trav\u00e9s de una Audiencia P\u00fablica con modalidad presencial y virtual.<\/strong><\/em><!--more--><\/p>\n<div id=\"attachment_8051\" style=\"width: 310px\" class=\"wp-caption alignright\"><img loading=\"lazy\" decoding=\"async\" aria-describedby=\"caption-attachment-8051\" class=\"wp-image-8051 size-medium\" src=\"https:\/\/www.visionweb.com.ar\/wp-content\/uploads\/2022\/11\/acumar-navegabilidad-riachuelo-300x200.jpg\" alt=\"\" width=\"300\" height=\"200\" srcset=\"https:\/\/www.visionweb.com.ar\/wp-content\/uploads\/2022\/11\/acumar-navegabilidad-riachuelo-300x200.jpg 300w, https:\/\/www.visionweb.com.ar\/wp-content\/uploads\/2022\/11\/acumar-navegabilidad-riachuelo.bmp 658w\" sizes=\"auto, (max-width: 300px) 100vw, 300px\" \/><p id=\"caption-attachment-8051\" class=\"wp-caption-text\">Habr\u00e1 Audiencia P\u00fablica para debatir la navegabilidad del riachuelo con fines tur\u00edsticos. (Foto: Prensa ACUMAR)<\/p><\/div>\n<p><strong>\u00a0 \u00a0 \u00a0 E<\/strong>l pr\u00f3ximo 2 de diciembre tendr\u00e1 lugar una nueva Audiencia P\u00fablica convocada por la Autoridad de Cuenca Matanza Riachuelo (ACUMAR), en la que <strong>se pondr\u00e1 a consideraci\u00f3n la propuesta de navegaci\u00f3n con fines tur\u00edsticos<\/strong> en un peque\u00f1o tramo del Riachuelo entre su desembocadura y el Puente Transbordador Nicol\u00e1s Avellaneda, que une la Ciudad Aut\u00f3noma de Buenos Aires (CABA) con el Municipio de Avellaneda.<\/p>\n<p>Se trata de la segunda Audiencia P\u00fablica que realiza el organismo este a\u00f1o y se llevar\u00e1 a cabo en la sede del Archivo General de la Naci\u00f3n, conforme indic\u00f3 Prensa de ACUMAR.<\/p>\n<p>En este caso, la cita tendr\u00e1 tambi\u00e9n una <strong>modalidad mixta, presencial y virtual<\/strong>, y podr\u00e1 seguirse de manera remota a trav\u00e9s del canal del organismo en YouTube.<\/p>\n<p>La inscripci\u00f3n para exponer en el evento se realizar\u00e1 de forma virtual entre el 15 y el 30 de noviembre a trav\u00e9s del sitio web de\u00a0ACUMAR.<\/p>\n<p><strong>Riachuelo navegable:<\/strong> <strong>una oportunidad para la recuperaci\u00f3n<\/strong><\/p>\n<p>El <strong>proyecto de navegabilidad en el tramo final del r\u00edo <\/strong>fue presentado de manera conjunta este a\u00f1o por las carteras de turismo de la Naci\u00f3n y la Ciudad ante el Juzgado Federal de Mor\u00f3n, quien dio intervenci\u00f3n a\u00a0ACUMAR<strong>\u00a0<\/strong>para determinar la factibilidad t\u00e9cnica y ambiental de retomar las navegaciones, suspendidas desde 2011 en el marco de la causa judicial por el saneamiento del Matanza Riachuelo, conocida como \u201cCausa Mendoza\u201d.<\/p>\n<p>En ese marco se analizaron las presentaciones efectuadas por CABA y la Direcci\u00f3n Nacional de Calidad e Innovaci\u00f3n Tur\u00edstica del Ministerio de Turismo y Deportes de la Naci\u00f3n en relaci\u00f3n a <strong>un proyecto de creaci\u00f3n de un paseo n\u00e1utico <\/strong>que propone un circuito bidireccional que conecta los municipios de <strong>Tigre y Quilmes<\/strong>, incorporando <strong>paradas tur\u00edsticas<\/strong> intermedias que permitan el <strong>ascenso y descenso de turistas<\/strong>.<\/p>\n<p>ACUMAR, por su parte, acompa\u00f1a la propuesta atendiendo a sus potencialidades para promover la <strong>recuperaci\u00f3n territorial, cultural y econ\u00f3mica en la Cuenca<\/strong>:<\/p>\n<p>Se propone incorporar al proyecto <strong>un circuito integrado de turismo sostenible entre las dos orillas La Boca \u2013 Isla Maciel<\/strong>, que no tenga al Riachuelo como un l\u00edmite, sino que por el contrario, lo incluya como uno de los momentos claves de ese recorrido.<\/p>\n<p>\u201cHabilitar la navegabilidad del Riachuelo desde su kil\u00f3metro cero hasta el Puente Avellaneda, con sus correspondientes controles, es un elemento imprescindible para poder recuperar un lugar hist\u00f3rico. Se trata, en definitiva, de acordar que el saneamiento de la Cuenca Matanza Riachuelo se encuentra atravesando una nueva etapa, en la que es posible mostrar avances y la puesta en marcha de obras de gran envergadura: es el caso del Sistema Riachuelo, una de las m\u00e1s grandes de Sudam\u00e9rica, que tratar\u00e1 gran parte de los desechos cloacales que hoy se vuelcan al r\u00edo\u201d, destac\u00f3 el director Ejecutivo de Gesti\u00f3n, Daniel Larrache.<\/p>\n<p>La propuesta busca, asimismo, incorporar una nueva posibilidad para sensibilizar acerca del trabajo de recuperaci\u00f3n de la Cuenca Matanza Riachuelo en marcha y sobre los <strong>aportes que la ciudadan\u00eda puede realizar a trav\u00e9s de la incorporaci\u00f3n de h\u00e1bitos y pr\u00e1cticas sustentables<\/strong>.<strong> (VW)<\/strong><\/p>\n<p>&nbsp;<\/p>\n","protected":false},"excerpt":{"rendered":"<p>El organismo pondr\u00e1 a consideraci\u00f3n la propuesta de retomar las navegaciones en el tramo final de la Cuenca, a trav\u00e9s de una Audiencia P\u00fablica con modalidad presencial y virtual.<\/p>\n","protected":false},"author":4,"featured_media":8051,"comment_status":"closed","ping_status":"closed","sticky":false,"template":"","format":"standard","meta":{"_monsterinsights_skip_tracking":false,"_monsterinsights_sitenote_active":false,"_monsterinsights_sitenote_note":"","_monsterinsights_sitenote_category":0,"footnotes":""},"categories":[8],"tags":[442,2433,3362],"class_list":["post-8049","post","type-post","status-publish","format-standard","has-post-thumbnail","hentry","category-interes-general","tag-acumar","tag-audiencia-publica","tag-navegabilidad-del-riachuelo"],"_links":{"self":[{"href":"https:\/\/www.visionweb.com.ar\/index.php?rest_route=\/wp\/v2\/posts\/8049","targetHints":{"allow":["GET"]}}],"collection":[{"href":"https:\/\/www.visionweb.com.ar\/index.php?rest_route=\/wp\/v2\/posts"}],"about":[{"href":"https:\/\/www.visionweb.com.ar\/index.php?rest_route=\/wp\/v2\/types\/post"}],"author":[{"embeddable":true,"href":"https:\/\/www.visionweb.com.ar\/index.php?rest_route=\/wp\/v2\/users\/4"}],"replies":[{"embeddable":true,"href":"https:\/\/www.visionweb.com.ar\/index.php?rest_route=%2Fwp%2Fv2%2Fcomments&post=8049"}],"version-history":[{"count":2,"href":"https:\/\/www.visionweb.com.ar\/index.php?rest_route=\/wp\/v2\/posts\/8049\/revisions"}],"predecessor-version":[{"id":8052,"href":"https:\/\/www.visionweb.com.ar\/index.php?rest_route=\/wp\/v2\/posts\/8049\/revisions\/8052"}],"wp:featuredmedia":[{"embeddable":true,"href":"https:\/\/www.visionweb.com.ar\/index.php?rest_route=\/wp\/v2\/media\/8051"}],"wp:attachment":[{"href":"https:\/\/www.visionweb.com.ar\/index.php?rest_route=%2Fwp%2Fv2%2Fmedia&parent=8049"}],"wp:term":[{"taxonomy":"category","embeddable":true,"href":"https:\/\/www.visionweb.com.ar\/index.php?rest_route=%2Fwp%2Fv2%2Fcategories&post=8049"},{"taxonomy":"post_tag","embeddable":true,"href":"https:\/\/www.visionweb.com.ar\/index.php?rest_route=%2Fwp%2Fv2%2Ftags&post=8049"}],"curies":[{"name":"wp","href":"https:\/\/api.w.org\/{rel}","templated":true}]}}