{"id":8042,"date":"2022-11-04T09:44:29","date_gmt":"2022-11-04T12:44:29","guid":{"rendered":"https:\/\/www.visionweb.com.ar\/?p=8042"},"modified":"2022-11-03T20:01:45","modified_gmt":"2022-11-03T23:01:45","slug":"una-plazoleta-de-belgrano-llevara-el-nombre-de-luis-alberto-spinetta","status":"publish","type":"post","link":"https:\/\/www.visionweb.com.ar\/?p=8042","title":{"rendered":"Una plazoleta de Belgrano llevar\u00e1 el nombre de Luis Alberto Spinetta"},"content":{"rendered":"<p><strong><em>El cambio de nombre de la plaza porte\u00f1a se fundment\u00f3 en que Spinetta es considerada una de las figuras m\u00e1s influyentes de la m\u00fasica popular nacional.<\/em><\/strong><!--more--><\/p>\n<div id=\"attachment_8043\" style=\"width: 310px\" class=\"wp-caption alignleft\"><img loading=\"lazy\" decoding=\"async\" aria-describedby=\"caption-attachment-8043\" class=\"wp-image-8043 size-medium\" src=\"https:\/\/www.visionweb.com.ar\/wp-content\/uploads\/2022\/11\/SPINETTA-300x168.jpeg\" alt=\"\" width=\"300\" height=\"168\" srcset=\"https:\/\/www.visionweb.com.ar\/wp-content\/uploads\/2022\/11\/SPINETTA-300x168.jpeg 300w, https:\/\/www.visionweb.com.ar\/wp-content\/uploads\/2022\/11\/SPINETTA-768x431.jpeg 768w, https:\/\/www.visionweb.com.ar\/wp-content\/uploads\/2022\/11\/SPINETTA.jpeg 800w\" sizes=\"auto, (max-width: 300px) 100vw, 300px\" \/><p id=\"caption-attachment-8043\" class=\"wp-caption-text\"><strong><em>La plaza Flemning del barrio de Belgrano llevar\u00e1 ahora el nombre del fuindador delas bandas Almendra y Pescado rabioso, entre otras agrupaciones musicales de su creaci\u00f3n<\/em><\/strong>.<\/p><\/div>\n<p><strong>U<\/strong>na plazoleta del barrio porte\u00f1o de Belgrano llevar\u00e1 el nombre de Luis Alberto Spinetta por ser \u201cuna de las figuras m\u00e1s influyentes de la m\u00fasica nacional\u201d, de acuerdo a una ley sancionada este jueves en la Legislatura porte\u00f1a en homenaje artista fallecido en febrero de 2012.<\/p>\n<p>La iniciativa recibi\u00f3 una segunda aprobaci\u00f3n para cambiar la actual denominaci\u00f3n de Alexander Fleming (m\u00e9dico y cient\u00edfico brit\u00e1nico famoso por ser el descubridor de la penicilina), con que cuenta el espacio ubicado entre las calles Rafael Hern\u00e1ndez y Lidoro Quinteros, por el del m\u00fasico.<\/p>\n<p>El proyecto fue autor\u00eda del legislador de Juntos por el Cambio Roy Cortina, y recibi\u00f3 52 votos a favor de Juntos por el Cambio, del Frente de Todos y el Frente de Izquierda, en tanto se opusieron los diputados de La Libertad Avanza, el espacio pol\u00edtico de Javier Milei, indicaron desde la Legislatura Porte\u00f1a.<\/p>\n<p>En los fundamentos de su iniciativa, Cortina sostuvo que Spinetta es \u201cuna de las figuras m\u00e1s influyentes y destacadas de la m\u00fasica nacional\u201d y que su obra forma \u201cparte del entra\u00f1able patrimonio cultural de nuestra ciudad\u201d(VW).<\/p>\n","protected":false},"excerpt":{"rendered":"<p>El cambio de nombre de la plaza porte\u00f1a se fundment\u00f3 en que Spinetta es considerada una de las figuras m\u00e1s influyentes de la m\u00fasica popular nacional.<\/p>\n","protected":false},"author":3,"featured_media":8043,"comment_status":"closed","ping_status":"closed","sticky":false,"template":"","format":"standard","meta":{"_monsterinsights_skip_tracking":false,"_monsterinsights_sitenote_active":false,"_monsterinsights_sitenote_note":"","_monsterinsights_sitenote_category":0,"footnotes":""},"categories":[7],"tags":[1137,2316,3359,3358],"class_list":["post-8042","post","type-post","status-publish","format-standard","has-post-thumbnail","hentry","category-educacion-y-cultura","tag-argentino","tag-belgrano","tag-fleming","tag-musico"],"_links":{"self":[{"href":"https:\/\/www.visionweb.com.ar\/index.php?rest_route=\/wp\/v2\/posts\/8042","targetHints":{"allow":["GET"]}}],"collection":[{"href":"https:\/\/www.visionweb.com.ar\/index.php?rest_route=\/wp\/v2\/posts"}],"about":[{"href":"https:\/\/www.visionweb.com.ar\/index.php?rest_route=\/wp\/v2\/types\/post"}],"author":[{"embeddable":true,"href":"https:\/\/www.visionweb.com.ar\/index.php?rest_route=\/wp\/v2\/users\/3"}],"replies":[{"embeddable":true,"href":"https:\/\/www.visionweb.com.ar\/index.php?rest_route=%2Fwp%2Fv2%2Fcomments&post=8042"}],"version-history":[{"count":1,"href":"https:\/\/www.visionweb.com.ar\/index.php?rest_route=\/wp\/v2\/posts\/8042\/revisions"}],"predecessor-version":[{"id":8044,"href":"https:\/\/www.visionweb.com.ar\/index.php?rest_route=\/wp\/v2\/posts\/8042\/revisions\/8044"}],"wp:featuredmedia":[{"embeddable":true,"href":"https:\/\/www.visionweb.com.ar\/index.php?rest_route=\/wp\/v2\/media\/8043"}],"wp:attachment":[{"href":"https:\/\/www.visionweb.com.ar\/index.php?rest_route=%2Fwp%2Fv2%2Fmedia&parent=8042"}],"wp:term":[{"taxonomy":"category","embeddable":true,"href":"https:\/\/www.visionweb.com.ar\/index.php?rest_route=%2Fwp%2Fv2%2Fcategories&post=8042"},{"taxonomy":"post_tag","embeddable":true,"href":"https:\/\/www.visionweb.com.ar\/index.php?rest_route=%2Fwp%2Fv2%2Ftags&post=8042"}],"curies":[{"name":"wp","href":"https:\/\/api.w.org\/{rel}","templated":true}]}}