{"id":8039,"date":"2022-11-04T08:08:58","date_gmt":"2022-11-04T11:08:58","guid":{"rendered":"https:\/\/www.visionweb.com.ar\/?p=8039"},"modified":"2022-11-03T19:22:55","modified_gmt":"2022-11-03T22:22:55","slug":"sileoni-expuso-en-diputados-sobre-el-presupuesto-para-eduacion-en-la-provincia","status":"publish","type":"post","link":"https:\/\/www.visionweb.com.ar\/?p=8039","title":{"rendered":"Sileoni expuso en Diputados sobre el presupuesto para Eduaci\u00f3n en la Provincia"},"content":{"rendered":"<p class=\"mt-3 pb-4\"><em><strong>El director General de Cultura y Educaci\u00f3n bonaerense, Alberto Sileoni expuso ante legisladores y legisladoras de ambas C\u00e1maras los ejes principales de la partida destinada a educaci\u00f3n asignada en la Ley de Presupuesto para el pr\u00f3ximo a\u00f1o.<\/strong><\/em><!--more--><\/p>\n<p><img loading=\"lazy\" decoding=\"async\" class=\"size-medium wp-image-8040 alignright\" src=\"https:\/\/www.visionweb.com.ar\/wp-content\/uploads\/2022\/11\/EDUCACION-PRESUPUESTO-300x167.png\" alt=\"\" width=\"300\" height=\"167\" srcset=\"https:\/\/www.visionweb.com.ar\/wp-content\/uploads\/2022\/11\/EDUCACION-PRESUPUESTO-300x167.png 300w, https:\/\/www.visionweb.com.ar\/wp-content\/uploads\/2022\/11\/EDUCACION-PRESUPUESTO-768x427.png 768w, https:\/\/www.visionweb.com.ar\/wp-content\/uploads\/2022\/11\/EDUCACION-PRESUPUESTO.png 800w\" sizes=\"auto, (max-width: 300px) 100vw, 300px\" \/><strong> \u00a0\u00a0\u00a0\u00a0\u00a0\u00a0\u00a0\u00a0\u00a0 E<\/strong>n la Sala 30 de la C\u00e1mara de Diputados bonaerense, se present\u00f3 el presupuesto educativo para el a\u00f1o 2023. Estuvieron junto al director, los diputados Rub\u00e9n Eslaiman, Cesar Valicenti, la senadora Mar\u00eda Teresa Garc\u00eda y el senador Marcelo Felli\u00fa.<\/p>\n<p>El presupuesto expuesto prev\u00e9 una inversi\u00f3n que aumenta un 11,3% en comparaci\u00f3n con el corriente a\u00f1o, y un 22,1 % respecto del a\u00f1o 2019.<\/p>\n<p>Repecto de ls obras y equipamiento la Provincia llevar\u00e1 adelante la construcci\u00f3n de 80 nuevos edificios escolares, 1.900 obras entre refacciones y obras medianas y menores, 4.000 aulas provistas con mobiliario escolar, entre otras inversiones. Esto representa un 435 % m\u00e1s que en el a\u00f1o 2019.<\/p>\n<p>Sileoni anunci\u00f3 ayer, tras la inauguraci\u00f3n en Campana de la escuela n\u00famero 114, que para el a\u00f1o pr\u00f3ximo \u201cesperamos llegar al final de la gesti\u00f3n con m\u00e1s de 200 nuevos edificios construidos\u201d.<\/p>\n<p>En materia de aprendizaje, entre otras inversiones, el presupuesto marca la incorporaci\u00f3n de 3.650 profesionales para las \u00e1reas de psicolog\u00eda comunitaria y psicopedagog\u00eda social. Sileoni asegur\u00f3 que \u201ces un presupuesto incremental que consolida un instrumento instalado en la provincia\u201d.<\/p>\n<p>Asimismo, el director de Cultura y Educaci\u00f3n bonaerense advirti\u00f3 sobre las consecuencias que dej\u00f3 la pandemia: \u201cNos dej\u00f3 dos ense\u00f1anzas: la necesidad de la tecnolog\u00eda y la necesidad del v\u00ednculo con los maestros\u00bb.<\/p>\n<p>Al finalizar su exposici\u00f3n, el funcionario recibi\u00f3 las preguntas de legisladores y legisladoras y respondi\u00f3 a cada uno de ellos y ellas.<\/p>\n<p>En el ascto tambi\u00e9n esti\u00a1uvieron presentes, las presidentas de las comisiones de educaci\u00f3n de la C\u00e1mara de Diputados, Fernanda D\u00edaz, y de la C\u00e1mara de Senadores, Mar\u00eda Reigada. Participaron junto a ellos legisladores y legisladoras de todos los bloques pol\u00edticos<strong>(VW)<\/strong>.<\/p>\n<p>&nbsp;<\/p>\n","protected":false},"excerpt":{"rendered":"<p>El director General de Cultura y Educaci\u00f3n bonaerense, Alberto Sileoni expuso ante legisladores y legisladoras de ambas C\u00e1maras los ejes principales de la partida destinada a educaci\u00f3n asignada en la Ley de Presupuesto para&#46;&#46;&#46;<\/p>\n","protected":false},"author":3,"featured_media":8040,"comment_status":"closed","ping_status":"closed","sticky":false,"template":"","format":"standard","meta":{"_monsterinsights_skip_tracking":false,"_monsterinsights_sitenote_active":false,"_monsterinsights_sitenote_note":"","_monsterinsights_sitenote_category":0,"footnotes":""},"categories":[7],"tags":[3357,78,2160],"class_list":["post-8039","post","type-post","status-publish","format-standard","has-post-thumbnail","hentry","category-educacion-y-cultura","tag-diputdos","tag-presupuesto","tag-sileoni"],"_links":{"self":[{"href":"https:\/\/www.visionweb.com.ar\/index.php?rest_route=\/wp\/v2\/posts\/8039","targetHints":{"allow":["GET"]}}],"collection":[{"href":"https:\/\/www.visionweb.com.ar\/index.php?rest_route=\/wp\/v2\/posts"}],"about":[{"href":"https:\/\/www.visionweb.com.ar\/index.php?rest_route=\/wp\/v2\/types\/post"}],"author":[{"embeddable":true,"href":"https:\/\/www.visionweb.com.ar\/index.php?rest_route=\/wp\/v2\/users\/3"}],"replies":[{"embeddable":true,"href":"https:\/\/www.visionweb.com.ar\/index.php?rest_route=%2Fwp%2Fv2%2Fcomments&post=8039"}],"version-history":[{"count":1,"href":"https:\/\/www.visionweb.com.ar\/index.php?rest_route=\/wp\/v2\/posts\/8039\/revisions"}],"predecessor-version":[{"id":8041,"href":"https:\/\/www.visionweb.com.ar\/index.php?rest_route=\/wp\/v2\/posts\/8039\/revisions\/8041"}],"wp:featuredmedia":[{"embeddable":true,"href":"https:\/\/www.visionweb.com.ar\/index.php?rest_route=\/wp\/v2\/media\/8040"}],"wp:attachment":[{"href":"https:\/\/www.visionweb.com.ar\/index.php?rest_route=%2Fwp%2Fv2%2Fmedia&parent=8039"}],"wp:term":[{"taxonomy":"category","embeddable":true,"href":"https:\/\/www.visionweb.com.ar\/index.php?rest_route=%2Fwp%2Fv2%2Fcategories&post=8039"},{"taxonomy":"post_tag","embeddable":true,"href":"https:\/\/www.visionweb.com.ar\/index.php?rest_route=%2Fwp%2Fv2%2Ftags&post=8039"}],"curies":[{"name":"wp","href":"https:\/\/api.w.org\/{rel}","templated":true}]}}