{"id":8025,"date":"2022-11-03T13:28:15","date_gmt":"2022-11-03T16:28:15","guid":{"rendered":"https:\/\/www.visionweb.com.ar\/?p=8025"},"modified":"2022-11-03T13:28:15","modified_gmt":"2022-11-03T16:28:15","slug":"hay-nueva-lider-de-la-coalicion-civica-bonaerense","status":"publish","type":"post","link":"https:\/\/www.visionweb.com.ar\/?p=8025","title":{"rendered":"Hay nueva l\u00edder de la Coalici\u00f3n C\u00edvica\u00a0bonaerense"},"content":{"rendered":"<p><em><strong>Es Maricel Etchecoin Moro, diputada de San Vicente, y<\/strong><strong> reemplazar\u00e1 a Andr\u00e9s De Leo<\/strong><strong>. <\/strong><strong>Elisa Carri\u00f3, oficializ\u00f3 a las nuevas autoridades partidarias bonaerenses.<\/strong><\/em><!--more--><\/p>\n<p><strong><img loading=\"lazy\" decoding=\"async\" class=\"size-medium wp-image-8027 alignright\" src=\"https:\/\/www.visionweb.com.ar\/wp-content\/uploads\/2022\/11\/Coalicion-Civiva-nueva-presidente-bonaerense-300x187.jpg\" alt=\"\" width=\"300\" height=\"187\" srcset=\"https:\/\/www.visionweb.com.ar\/wp-content\/uploads\/2022\/11\/Coalicion-Civiva-nueva-presidente-bonaerense-300x187.jpg 300w, https:\/\/www.visionweb.com.ar\/wp-content\/uploads\/2022\/11\/Coalicion-Civiva-nueva-presidente-bonaerense.bmp 701w\" sizes=\"auto, (max-width: 300px) 100vw, 300px\" \/>L<\/strong>a diputada provincial\u00a0<strong>Maricel Etchecoin Moro asumi\u00f3 la presidencia \u00a0de la Coalici\u00f3n C\u00edvica<\/strong><strong>\u00a0<\/strong><strong>bonaerense <\/strong>en el marco de un encuentro partidario en Exaltaci\u00f3n de la Cruz, que cont\u00f3 con\u00a0<strong>Elisa Carri\u00f3 como anfitriona<\/strong>.<\/p>\n<p>La legisladora de San Vicente estar\u00e1 acompa\u00f1ada por el productor agropecuario y\u00a0<strong>concejal de Jun\u00edn, Rodrigo Esponda<\/strong>, y reemplazar\u00e1 al senador provincial Andr\u00e9s De Leo, quien dej\u00f3 el cargo luego de cinco a\u00f1os.<\/p>\n<p><strong>\u00a0<\/strong><strong>Elisa Carri\u00f3<\/strong>, fundadora y principal referente de la\u00a0<strong>Coalici\u00f3n- C\u00edvica- ARI <\/strong>fue anfitriona para la toma de juramento de las nuevas autoridades partidarias en el \u00e1mbito de la provincia de Buenos Aires.<\/p>\n<p>En ese marco, y en su residencia ubicada en\u00a0Exaltaci\u00f3n de la Cruz, <strong>Carri\u00f3\u00a0<\/strong>reuni\u00f3 a los dirigentes bonaerenses y <strong>\u201cbendijo\u201d a quienes ocupar\u00e1n los nuevos cargos internos<\/strong>.<\/p>\n<p>En el evento, Etchecoin Moro subray\u00f3 que: \u201cAsum\u00ed el gran desaf\u00edo de presidir la CC &#8211; ARI PBA. <strong>Seguiremos consolidando el partido en el territorio y trabajando de manera ampliada con los legisladores provinciales y nacionales<\/strong>, afianzando el di\u00e1logo con todos los que respeten los <strong>principios republicanos<\/strong>\u201d.<\/p>\n<p>Por su parte, De Leo asegur\u00f3 que tras su gesti\u00f3n cuentan \u201ccon\u00a0<strong>un partido m\u00e1s s\u00f3lido y con nuevos desaf\u00edos<\/strong><strong>\u00a0<\/strong>y una nueva conducci\u00f3n con las cualidades para llevarlos adelante con \u00e9xito\u201d.<\/p>\n<p>\u201cEn lo personal agradezco a todos los dirigentes, miembros de la Mesa y militantes que me acompa\u00f1aron y a Elisa Carri\u00f3 por la confianza\u201d destac\u00f3 De Leo.<strong> (VW)<\/strong><\/p>\n<p>&nbsp;<\/p>\n<p>&nbsp;<\/p>\n","protected":false},"excerpt":{"rendered":"<p>Es Maricel Etchecoin Moro, diputada de San Vicente, y reemplazar\u00e1 a Andr\u00e9s De Leo. Elisa Carri\u00f3, oficializ\u00f3 a las nuevas autoridades partidarias bonaerenses.<\/p>\n","protected":false},"author":4,"featured_media":8027,"comment_status":"closed","ping_status":"closed","sticky":false,"template":"","format":"standard","meta":{"_monsterinsights_skip_tracking":false,"_monsterinsights_sitenote_active":false,"_monsterinsights_sitenote_note":"","_monsterinsights_sitenote_category":0,"footnotes":""},"categories":[4],"tags":[3348,3349,3352,3350,3351],"class_list":["post-8025","post","type-post","status-publish","format-standard","has-post-thumbnail","hentry","category-politica","tag-ari","tag-coalucion-civica","tag-elisa-carrio","tag-maricel-etchecoin-moro","tag-presidencia-cc-ari-pba"],"_links":{"self":[{"href":"https:\/\/www.visionweb.com.ar\/index.php?rest_route=\/wp\/v2\/posts\/8025","targetHints":{"allow":["GET"]}}],"collection":[{"href":"https:\/\/www.visionweb.com.ar\/index.php?rest_route=\/wp\/v2\/posts"}],"about":[{"href":"https:\/\/www.visionweb.com.ar\/index.php?rest_route=\/wp\/v2\/types\/post"}],"author":[{"embeddable":true,"href":"https:\/\/www.visionweb.com.ar\/index.php?rest_route=\/wp\/v2\/users\/4"}],"replies":[{"embeddable":true,"href":"https:\/\/www.visionweb.com.ar\/index.php?rest_route=%2Fwp%2Fv2%2Fcomments&post=8025"}],"version-history":[{"count":2,"href":"https:\/\/www.visionweb.com.ar\/index.php?rest_route=\/wp\/v2\/posts\/8025\/revisions"}],"predecessor-version":[{"id":8028,"href":"https:\/\/www.visionweb.com.ar\/index.php?rest_route=\/wp\/v2\/posts\/8025\/revisions\/8028"}],"wp:featuredmedia":[{"embeddable":true,"href":"https:\/\/www.visionweb.com.ar\/index.php?rest_route=\/wp\/v2\/media\/8027"}],"wp:attachment":[{"href":"https:\/\/www.visionweb.com.ar\/index.php?rest_route=%2Fwp%2Fv2%2Fmedia&parent=8025"}],"wp:term":[{"taxonomy":"category","embeddable":true,"href":"https:\/\/www.visionweb.com.ar\/index.php?rest_route=%2Fwp%2Fv2%2Fcategories&post=8025"},{"taxonomy":"post_tag","embeddable":true,"href":"https:\/\/www.visionweb.com.ar\/index.php?rest_route=%2Fwp%2Fv2%2Ftags&post=8025"}],"curies":[{"name":"wp","href":"https:\/\/api.w.org\/{rel}","templated":true}]}}