{"id":8019,"date":"2022-11-03T14:42:07","date_gmt":"2022-11-03T17:42:07","guid":{"rendered":"https:\/\/www.visionweb.com.ar\/?p=8019"},"modified":"2022-11-03T14:52:38","modified_gmt":"2022-11-03T17:52:38","slug":"pro-grindetti-inauguro-un-nuevo-local-partidario","status":"publish","type":"post","link":"https:\/\/www.visionweb.com.ar\/?p=8019","title":{"rendered":"PRO:  Grindetti inaugur\u00f3 un nuevo local partidario"},"content":{"rendered":"<p><em><strong>Junto al diputado nacional Cristian Ritondo (PBA) y Diego Kravetz pidi\u00f3 a la militancia poner el coraz\u00f3n \u00abpara recuperar la provincia de Buenos Aires en 2023\u00bb<\/strong><\/em><!--more--><\/p>\n<p><strong>\u00a0 \u00a0 <img loading=\"lazy\" decoding=\"async\" class=\"size-medium wp-image-8033 alignright\" src=\"https:\/\/www.visionweb.com.ar\/wp-content\/uploads\/2022\/11\/CAMPANA-GRINCETTI-GOBERNACION-300x244.jpeg\" alt=\"\" width=\"300\" height=\"244\" srcset=\"https:\/\/www.visionweb.com.ar\/wp-content\/uploads\/2022\/11\/CAMPANA-GRINCETTI-GOBERNACION-300x244.jpeg 300w, https:\/\/www.visionweb.com.ar\/wp-content\/uploads\/2022\/11\/CAMPANA-GRINCETTI-GOBERNACION.jpeg 737w\" sizes=\"auto, (max-width: 300px) 100vw, 300px\" \/>\u00a0 \u00a0C<\/strong>on un llamado a trabajar juntos y \u00abunidos como siempre para recuperar la provincia de Buenos Aires y la Naci\u00f3n\u00bb, el intendente de Lan\u00fas, N\u00e9stor\u00a0 Grindetti\u00a0 y principal referente del PRO bonaerense lanz\u00f3 su pre candidatura a gobernador de la provincia de Buenos Aires.<\/p>\n<p>En el marco de la inauguraci\u00f3n del local partidario ubicado en Av. San Mart\u00edn y Av 25 df Mayo, Lanus Oeste, el titular del Ejecutivo de Lan\u00fas, hizo un llamado a la militancia para seguir trabaja para recuperar la Provincia y llegar a la Naci\u00f3n,<\/p>\n<p>Acompa\u00f1ado por los diputados Cristian Ritondo y Adri\u00e1n Urreli, Grindetti, entre aplausos y vivas areng\u00f3 a la militancia y dio as\u00ed el puntapi\u00e9 inicial en la carrera provincial de cara las elecciones 2023.<\/p>\n<p>El local partidario cuyo referente principal es el diputado nacional, Adrian Urreli estuvo colmado de dirigentes y militantes que corearon al jefe comunal y pidieron por su candidatura a gobernador, ante este panorama, Grindetti expres\u00f3: \u00bb Con Cristian (Ritondo) nos une la pasi\u00f3n por la pol\u00edtica y el futbol, pero mas importante aun son los valores y las ideas que compartimos, nosotros en Lan\u00fas y Cristian cuando fue ministro de Seguridad demostramos que podemos cambiar, que hay que tener coraje y compromiso\u00bb.<\/p>\n<p>En otro tramo de su presentaci\u00f3n el referente del PRO, agreg\u00f3: \u00bb Como dice Mauricio (Macri) tenemos que tener claro el para qu\u00e9, m\u00e1s all\u00e1 de qui\u00e9n sea el pr\u00f3ximo candidato, tenemos que saber cual es el objetivo, nuestra esencia es la cercan\u00eda y la gesti\u00f3n\u00bb.<\/p>\n<p>En sus redes social, el presidente del Bloque PRO en la c\u00e1mara de diputados nacional, Cristian Ritondo indic\u00f3: \u00bb El cambio est\u00e1 en marcha y no hay vuelta atr\u00e1s, sabemos del gran trabajo y esfuerzo que est\u00e1 haciendo Nestor\u00a0 Grindetti por Lanus, sus valores e ideas transformadoras son necesarias para la provincia de Buenos Aires\u00bb.<\/p>\n<p>Por su parte el Jefe de Gabinete, Diego Kravetz enfatiz\u00f3\u00a0 que \u00abN\u00e9stor, con el conocimiento acabado que tiene del Municipio, en el que debi\u00f3 sobrellevar a\u00f1os muy dif\u00edciles, lo volvi\u00f3 a hacer grande y a\u00f1adi\u00f3: \u00abCremos que eso es traspolable a la Provincia (de Buenos Aires) y, puede convocar a los distintos actores para armar un gobierno que nos permita tener una provincia distintas y salir de este conurbano que cada vez que lo vemos en la tele es gris, inseguro y N\u00e9stor puede hacerlo distinto\u00bb.<\/p>\n<p>Kravetz, resalt\u00f3 asimismo \u00abla actitud del diputado Ritondo, porque tiene la grandeza de venir a este\u00a0 encuentro con un N\u00e9stro totalmente lanzado y con los mismos deseos de acceder a la Gobernaci\u00f3n, muestras que es un dirigente que tiene grandeza personal, pol\u00edtica y un gran afecto por nuestro Intendente\u00bb, cerr\u00f3.<\/p>\n<p>A su turno el diputado nacional Cristian Ritondo, destac\u00f3 el perfil de Grindetti y su compromiso de trabajar por el partido y en ese sentido explic\u00f3: \u00abQueremos volver a la Provincia y si le toca sera N\u00e9saro lo estar\u00e9 acompa\u00f1ando y s\u00ed me toca a mi, quiero\u00a0 que N\u00e9stor me acompa\u00f1e\u00bb.<\/p>\n<p>En otro tramo de su discurso Ritondo aclar\u00f3 que \u00abtoda construcci\u00f3n pol\u00edtica\u00a0 y de poder, para poder cambiar las cosas se necesita adem\u00e1s de personas, armar un equipo y, la Provincia genero una cantidad de dirigentes a los que se los deben tener en cuenta cuando se quiere gobernar\u00a0 y se los necesita para formar equipo y con N\u00e9stor quiero jugar en el mismo equipo\u00bb.<\/p>\n<p>\u00abEstoy seguro que vamos a estar todos en la cancha, como la hacemos con cada desaf\u00edo que tenemos, por eso me encanta que hombres como N\u00e9stor, Joaqu\u00edn, con experiencia que aportaron mucho, mismo en la Provincia, que tambi\u00e9n sean candidatos\u00bb, defini\u00f3 en t\u00e9rminos futboleros<\/p>\n<p>Fueron de la partida el jefe de Gabinete local, Diego Kravetz, legisladores provinciales, funcionarios del ejecutivo municipal, concejales, consejeros escolares y referentes de la tercera secci\u00f3n electoral<strong>(VW)<\/strong>.<\/p>\n","protected":false},"excerpt":{"rendered":"<p>Junto al diputado nacional Cristian Ritondo (PBA) y Diego Kravetz pidi\u00f3 a la militancia poner el coraz\u00f3n \u00abpara recuperar la provincia de Buenos Aires en 2023\u00bb<\/p>\n","protected":false},"author":3,"featured_media":8033,"comment_status":"closed","ping_status":"closed","sticky":false,"template":"","format":"standard","meta":{"_monsterinsights_skip_tracking":false,"_monsterinsights_sitenote_active":false,"_monsterinsights_sitenote_note":"","_monsterinsights_sitenote_category":0,"footnotes":""},"categories":[1],"tags":[],"class_list":["post-8019","post","type-post","status-publish","format-standard","has-post-thumbnail","hentry","category-uncategorized"],"_links":{"self":[{"href":"https:\/\/www.visionweb.com.ar\/index.php?rest_route=\/wp\/v2\/posts\/8019","targetHints":{"allow":["GET"]}}],"collection":[{"href":"https:\/\/www.visionweb.com.ar\/index.php?rest_route=\/wp\/v2\/posts"}],"about":[{"href":"https:\/\/www.visionweb.com.ar\/index.php?rest_route=\/wp\/v2\/types\/post"}],"author":[{"embeddable":true,"href":"https:\/\/www.visionweb.com.ar\/index.php?rest_route=\/wp\/v2\/users\/3"}],"replies":[{"embeddable":true,"href":"https:\/\/www.visionweb.com.ar\/index.php?rest_route=%2Fwp%2Fv2%2Fcomments&post=8019"}],"version-history":[{"count":3,"href":"https:\/\/www.visionweb.com.ar\/index.php?rest_route=\/wp\/v2\/posts\/8019\/revisions"}],"predecessor-version":[{"id":8036,"href":"https:\/\/www.visionweb.com.ar\/index.php?rest_route=\/wp\/v2\/posts\/8019\/revisions\/8036"}],"wp:featuredmedia":[{"embeddable":true,"href":"https:\/\/www.visionweb.com.ar\/index.php?rest_route=\/wp\/v2\/media\/8033"}],"wp:attachment":[{"href":"https:\/\/www.visionweb.com.ar\/index.php?rest_route=%2Fwp%2Fv2%2Fmedia&parent=8019"}],"wp:term":[{"taxonomy":"category","embeddable":true,"href":"https:\/\/www.visionweb.com.ar\/index.php?rest_route=%2Fwp%2Fv2%2Fcategories&post=8019"},{"taxonomy":"post_tag","embeddable":true,"href":"https:\/\/www.visionweb.com.ar\/index.php?rest_route=%2Fwp%2Fv2%2Ftags&post=8019"}],"curies":[{"name":"wp","href":"https:\/\/api.w.org\/{rel}","templated":true}]}}