{"id":8017,"date":"2022-11-03T08:59:22","date_gmt":"2022-11-03T11:59:22","guid":{"rendered":"https:\/\/www.visionweb.com.ar\/?p=8017"},"modified":"2022-11-03T08:59:22","modified_gmt":"2022-11-03T11:59:22","slug":"ypf-aumento-6-las-naftas-y-el-gasoil","status":"publish","type":"post","link":"https:\/\/www.visionweb.com.ar\/?p=8017","title":{"rendered":"YPF aument\u00f3 6% las naftas y el gasoil"},"content":{"rendered":"<p><strong><em>Desde la empresa explicaron que el ajuste es \u201cen funci\u00f3n de la evoluci\u00f3n de las variables que inciden en la formaci\u00f3n de los precios\u201d.<\/em><\/strong><!--more--><\/p>\n<p><strong><img loading=\"lazy\" decoding=\"async\" class=\"size-full wp-image-1649 alignright\" src=\"https:\/\/www.visionweb.com.ar\/wp-content\/uploads\/2021\/05\/YPF.bmp\" alt=\"\" width=\"402\" height=\"226\" \/>L<\/strong>a compa\u00f1\u00eda YPF\u00a0dispuso a partir de este jueves 3 de noviembre un aumento en el precio de sus combustibles de\u00a0<strong>6% en promedio en todo el pa\u00eds para sus naftas y di\u00e9sel,<\/strong>\u00a0inform\u00f3 la empresa.<\/p>\n<p><strong>Ahora se espera que las otras compa\u00f1\u00edas sigan el mismo camino y tambi\u00e9n ajusten sus precios en el surtidor.<\/strong><\/p>\n<p>La compa\u00f1\u00eda estatal se\u00f1al\u00f3 que el incremento se realiza\u00a0<strong>\u201cen funci\u00f3n de la evoluci\u00f3n de las variables que inciden en la formaci\u00f3n de los precios de los combustibles\u201d.<\/strong><\/p>\n<p>\u201cYPF continuar\u00e1 realizando sus mayores esfuerzos productivos y log\u00edsticos para sostener el abastecimiento del mercado nacional en un contexto de sostenidos r\u00e9cords hist\u00f3ricos de demanda estacional\u201d, argument\u00f3 la empresa.<\/p>\n<p>En un escueto comunicado, la compa\u00f1\u00eda petrolera indic\u00f3 que\u00a0<strong>\u201cluego de este ajuste continuaremos monitoreando la evoluci\u00f3n de las variables que inciden en la formaci\u00f3n de precios<\/strong>, teniendo siempre en consideraci\u00f3n las particularidades del contexto macroecon\u00f3mico del pa\u00eds y la realidad internacional\u201d<strong>(VN)<\/strong>.<\/p>\n","protected":false},"excerpt":{"rendered":"<p>Desde la empresa explicaron que el ajuste es \u201cen funci\u00f3n de la evoluci\u00f3n de las variables que inciden en la formaci\u00f3n de los precios\u201d.<\/p>\n","protected":false},"author":3,"featured_media":1649,"comment_status":"closed","ping_status":"closed","sticky":false,"template":"","format":"standard","meta":{"_monsterinsights_skip_tracking":false,"_monsterinsights_sitenote_active":false,"_monsterinsights_sitenote_note":"","_monsterinsights_sitenote_category":0,"footnotes":""},"categories":[8],"tags":[1804,2011,2855,293],"class_list":["post-8017","post","type-post","status-publish","format-standard","has-post-thumbnail","hentry","category-interes-general","tag-ajuste","tag-gasoil","tag-nafta","tag-ypf"],"_links":{"self":[{"href":"https:\/\/www.visionweb.com.ar\/index.php?rest_route=\/wp\/v2\/posts\/8017","targetHints":{"allow":["GET"]}}],"collection":[{"href":"https:\/\/www.visionweb.com.ar\/index.php?rest_route=\/wp\/v2\/posts"}],"about":[{"href":"https:\/\/www.visionweb.com.ar\/index.php?rest_route=\/wp\/v2\/types\/post"}],"author":[{"embeddable":true,"href":"https:\/\/www.visionweb.com.ar\/index.php?rest_route=\/wp\/v2\/users\/3"}],"replies":[{"embeddable":true,"href":"https:\/\/www.visionweb.com.ar\/index.php?rest_route=%2Fwp%2Fv2%2Fcomments&post=8017"}],"version-history":[{"count":1,"href":"https:\/\/www.visionweb.com.ar\/index.php?rest_route=\/wp\/v2\/posts\/8017\/revisions"}],"predecessor-version":[{"id":8018,"href":"https:\/\/www.visionweb.com.ar\/index.php?rest_route=\/wp\/v2\/posts\/8017\/revisions\/8018"}],"wp:featuredmedia":[{"embeddable":true,"href":"https:\/\/www.visionweb.com.ar\/index.php?rest_route=\/wp\/v2\/media\/1649"}],"wp:attachment":[{"href":"https:\/\/www.visionweb.com.ar\/index.php?rest_route=%2Fwp%2Fv2%2Fmedia&parent=8017"}],"wp:term":[{"taxonomy":"category","embeddable":true,"href":"https:\/\/www.visionweb.com.ar\/index.php?rest_route=%2Fwp%2Fv2%2Fcategories&post=8017"},{"taxonomy":"post_tag","embeddable":true,"href":"https:\/\/www.visionweb.com.ar\/index.php?rest_route=%2Fwp%2Fv2%2Ftags&post=8017"}],"curies":[{"name":"wp","href":"https:\/\/api.w.org\/{rel}","templated":true}]}}