{"id":8012,"date":"2022-11-02T12:31:14","date_gmt":"2022-11-02T15:31:14","guid":{"rendered":"https:\/\/www.visionweb.com.ar\/?p=8012"},"modified":"2022-11-02T12:31:37","modified_gmt":"2022-11-02T15:31:37","slug":"la-industria-crecio-76-en-julio","status":"publish","type":"post","link":"https:\/\/www.visionweb.com.ar\/?p=8012","title":{"rendered":"La industria creci\u00f3 7,6% en julio"},"content":{"rendered":"<p><em><strong>De este modo la actividad industrial lleva<\/strong> <strong>17 meses de crecimiento interanual consecutivos. Adem\u00e1s, tuvo una suba acumulada del 7% interanual durante los primeros siete meses de 2022.<\/strong><\/em><!--more--><\/p>\n<div id=\"attachment_8013\" style=\"width: 310px\" class=\"wp-caption alignright\"><img loading=\"lazy\" decoding=\"async\" aria-describedby=\"caption-attachment-8013\" class=\"wp-image-8013 size-medium\" src=\"https:\/\/www.visionweb.com.ar\/wp-content\/uploads\/2022\/11\/INDUSTRIAS-BONAERENSES-300x169.png\" alt=\"\" width=\"300\" height=\"169\" srcset=\"https:\/\/www.visionweb.com.ar\/wp-content\/uploads\/2022\/11\/INDUSTRIAS-BONAERENSES-300x169.png 300w, https:\/\/www.visionweb.com.ar\/wp-content\/uploads\/2022\/11\/INDUSTRIAS-BONAERENSES.png 640w\" sizes=\"auto, (max-width: 300px) 100vw, 300px\" \/><p id=\"caption-attachment-8013\" class=\"wp-caption-text\"><em><strong>Los guarismos de julio marcan 17 meses continuos de crecimiento de la actividad manufacturera.<\/strong><\/em><\/p><\/div>\n<p><strong>\u00a0 \u00a0 \u00a0 \u00a0 \u00a0 \u00a0L<\/strong>a actividad industrial manufacturera de la provincia de Buenos Aires tuvo un crecimiento en julio del 7,6% respecto del mismo mes del 2021. El segmento lleva17 meses de crecimiento interanual ininterrumpido, el periodo de alza m\u00e1s extenso desde que se tiene registro, en 2012.<\/p>\n<p>Adem\u00e1s, en los primeros siete meses de 2022 acumul\u00f3 una suba de 7,0% respecto al mismo periodo del a\u00f1o anterior.<\/p>\n<div class=\"field field-name-body field-type-text-with-summary field-label-hidden\">\n<div class=\"field-items\">\n<div class=\"field-item even\">\n<p>El Indicador Sint\u00e9tico de la Industria Manufacturera (ISIM), elaborado por la Direcci\u00f3n Provincial de Estad\u00edstica, mostr\u00f3 que en julio de 2022 ocho de los once bloques que componen el ISIM-PBA tuvieron aumentos interanuales.<\/p>\n<p>Las principales variaciones, por orden de incidencia, fueron: Textiles y cueros (25,5%); Refinaci\u00f3n de petr\u00f3leo (18,0%); Minerales no met\u00e1licos (26,9%); Productos qu\u00edmicos (8,8%); Veh\u00edculos automotores (11,8%); Alimentos y bebidas (1,7%); Caucho y pl\u00e1stico (4,7%), y Tabaco (10,8%).<\/p>\n<h3 style=\"text-align: center;\"><span style=\"color: #0000ff;\"><strong><em>La industria textil y del cuero mostraron un crecimiento de 25,5%<\/em><\/strong><\/span><\/h3>\n<p><img loading=\"lazy\" decoding=\"async\" class=\"size-medium wp-image-8014 alignleft\" src=\"https:\/\/www.visionweb.com.ar\/wp-content\/uploads\/2022\/11\/Industria-crecimiento-300x214.png\" alt=\"\" width=\"300\" height=\"214\" srcset=\"https:\/\/www.visionweb.com.ar\/wp-content\/uploads\/2022\/11\/Industria-crecimiento-300x214.png 300w, https:\/\/www.visionweb.com.ar\/wp-content\/uploads\/2022\/11\/Industria-crecimiento.png 640w\" sizes=\"auto, (max-width: 300px) 100vw, 300px\" \/>Al respecto, el ministro de Hacienda y Finanzas, Pablo L\u00f3pez, asegur\u00f3 que \u201cdesde marzo de 2021, la actividad industrial de la Provincia registra un persistente crecimiento interanual, con 17 meses sucesivos de alza, lo que constituye el per\u00edodo m\u00e1s largo desde 2012\u201d.<\/p>\n<p>En ese sentido detall\u00f3 que\u00a0 \u201ccon un crecimiento en julio del 7,6% respecto de julio de 2021, la industria manufacturera bonaerense est\u00e1 teniendo su mejor a\u00f1o desde 2015. Una Provincia integrada e inclusiva necesita una industria pujante; por eso, apuntalar su crecimiento ha sido una de nuestras prioridades desde el inicio de la gesti\u00f3n del Gobernador Axel Kicillof, y lo seguir\u00e1 siendo.\u201d<\/p>\n<p>El ISIM tiene como objetivo disponer de un indicador mensual que permita observar el comportamiento de la actividad industrial provincial.<\/p>\n<p>Las mediciones se forman\u00a0 a partir del seguimiento y estimaci\u00f3n de los denominados Bloques Industriales, conformados por grupos de actividades industriales con caracter\u00edsticas comunes, a trav\u00e9s de estimaciones mensuales sobre el sector manufacturero provincial con base en informaci\u00f3n proveniente de la Encuesta Industrial Mensual que realiza el INDEC y datos obtenidos por relevamientos propios que realiza esa direcci\u00f3n.<\/p>\n<p>Para m\u00e1s informaci\u00f3n pueden ver el informe completo de la Direcci\u00f3n Provincial de Estad\u00edstica haciendo click aqu\u00ed.\u00a0<a href=\"https:\/\/bit.ly\/3WyDgc7\" target=\"_blank\" rel=\"noopener noreferrer\">https:\/\/bit.ly\/3WyDgc7<\/a> <strong>(VW)<\/strong><\/p>\n<\/div>\n<\/div>\n<\/div>\n<div class=\"social-share clearfix\"><\/div>\n","protected":false},"excerpt":{"rendered":"<p>De este modo la actividad industrial lleva 17 meses de crecimiento interanual consecutivos. Adem\u00e1s, tuvo una suba acumulada del 7% interanual durante los primeros siete meses de 2022.<\/p>\n","protected":false},"author":3,"featured_media":8013,"comment_status":"closed","ping_status":"closed","sticky":false,"template":"","format":"standard","meta":{"_monsterinsights_skip_tracking":false,"_monsterinsights_sitenote_active":false,"_monsterinsights_sitenote_note":"","_monsterinsights_sitenote_category":0,"footnotes":""},"categories":[6,749],"tags":[2399,1456,3342,1455],"class_list":["post-8012","post","type-post","status-publish","format-standard","has-post-thumbnail","hentry","category-economia","category-pymes","tag-automotrices","tag-cuero","tag-minerales","tag-textiles"],"_links":{"self":[{"href":"https:\/\/www.visionweb.com.ar\/index.php?rest_route=\/wp\/v2\/posts\/8012","targetHints":{"allow":["GET"]}}],"collection":[{"href":"https:\/\/www.visionweb.com.ar\/index.php?rest_route=\/wp\/v2\/posts"}],"about":[{"href":"https:\/\/www.visionweb.com.ar\/index.php?rest_route=\/wp\/v2\/types\/post"}],"author":[{"embeddable":true,"href":"https:\/\/www.visionweb.com.ar\/index.php?rest_route=\/wp\/v2\/users\/3"}],"replies":[{"embeddable":true,"href":"https:\/\/www.visionweb.com.ar\/index.php?rest_route=%2Fwp%2Fv2%2Fcomments&post=8012"}],"version-history":[{"count":2,"href":"https:\/\/www.visionweb.com.ar\/index.php?rest_route=\/wp\/v2\/posts\/8012\/revisions"}],"predecessor-version":[{"id":8016,"href":"https:\/\/www.visionweb.com.ar\/index.php?rest_route=\/wp\/v2\/posts\/8012\/revisions\/8016"}],"wp:featuredmedia":[{"embeddable":true,"href":"https:\/\/www.visionweb.com.ar\/index.php?rest_route=\/wp\/v2\/media\/8013"}],"wp:attachment":[{"href":"https:\/\/www.visionweb.com.ar\/index.php?rest_route=%2Fwp%2Fv2%2Fmedia&parent=8012"}],"wp:term":[{"taxonomy":"category","embeddable":true,"href":"https:\/\/www.visionweb.com.ar\/index.php?rest_route=%2Fwp%2Fv2%2Fcategories&post=8012"},{"taxonomy":"post_tag","embeddable":true,"href":"https:\/\/www.visionweb.com.ar\/index.php?rest_route=%2Fwp%2Fv2%2Ftags&post=8012"}],"curies":[{"name":"wp","href":"https:\/\/api.w.org\/{rel}","templated":true}]}}