{"id":8006,"date":"2022-11-02T09:19:05","date_gmt":"2022-11-02T12:19:05","guid":{"rendered":"https:\/\/www.visionweb.com.ar\/?p=8006"},"modified":"2022-11-02T09:19:05","modified_gmt":"2022-11-02T12:19:05","slug":"presupuesto-2023-sileoni-abre-este-jueves-la-ronda-de-ministros","status":"publish","type":"post","link":"https:\/\/www.visionweb.com.ar\/?p=8006","title":{"rendered":"Presupuesto 2023: Sileoni abre este jueves la ronda de ministros"},"content":{"rendered":"<p><em><strong>El titular de la Direcci\u00f3n General de Cultura y Educaci\u00f3n, Alberto Sileoni, abrir\u00e1 este jueves el debate por el Presupuesto 2023 en la Legislatura bonaerense.<\/strong><\/em><!--more--><\/p>\n<p><img loading=\"lazy\" decoding=\"async\" class=\"size-medium wp-image-5924 alignright\" src=\"https:\/\/www.visionweb.com.ar\/wp-content\/uploads\/2022\/06\/CAMARA-DE-DIPUTADOS-BONAERENSE-300x200.png\" alt=\"\" width=\"300\" height=\"200\" srcset=\"https:\/\/www.visionweb.com.ar\/wp-content\/uploads\/2022\/06\/CAMARA-DE-DIPUTADOS-BONAERENSE-300x200.png 300w, https:\/\/www.visionweb.com.ar\/wp-content\/uploads\/2022\/06\/CAMARA-DE-DIPUTADOS-BONAERENSE.png 640w\" sizes=\"auto, (max-width: 300px) 100vw, 300px\" \/>El <strong>Direcci\u00f3n General de Cultura y Educaci\u00f3n<\/strong>,\u00a0<strong>Alberto Sileoni<\/strong>,\u00a0ser\u00e1 el primero de los funcionarios del gobierno de\u00a0<strong>Axel Kicillof<\/strong>\u00a0en presentarse en la\u00a0<strong>Legislatura bonaerenses<\/strong>\u00a0para defender el\u00a0<strong>Presupuesto 2023,\u00a0<\/strong>que ingres\u00f3 por mesa de entradas de la\u00a0<strong>C\u00e1mara de Diputados este lunes.<\/strong><\/p>\n<p>Sileoni\u00a0ser\u00e1 el encargado de abrir el debate ante sectores de la oposici\u00f3n que ya mostraron resistencia a la ley de leyes durante la exposici\u00f3n del\u00a0ministro de Econom\u00eda bonaerense,\u00a0Pablo L\u00f3pez. Los presidentes y vices de las bancadas de Juntos pegaron el faltazo a la cita del viernes pasado en el edificio Anexo de la C\u00e1mara baja.<\/p>\n<p>El titular de Eduaci\u00f3n\u00a0 fue convocado para este jueves a las 11 horas para dar a conocer los principales lineamientos del <strong>Presupuesto 2023<\/strong>\u00a0y los objetivos de la cartera educativa que contar\u00e1 con\u00a0<strong>$ 1.827.586.801.000\u00a0<\/strong>(un 121% m\u00e1s que 2022),para el pr\u00f3ximo a\u00f1o.<\/p>\n<p>El\u00a0<strong>Presupuesto 2023 de Kicillof<\/strong>\u00a0prev\u00e9 un gasto de\u00a0<strong>$6,9 billones<\/strong>, un<strong>\u00a0d\u00e9ficit primario de $50 mil millones<\/strong>\u00a0y un\u00a0<strong>d\u00e9ficit financiero de $130 mil millones<\/strong>.<\/p>\n<p>Adem\u00e1s, incluye un pedido de endeudamiento por\u00a0<strong>$168 mil millones<\/strong>. En tanto, la inversi\u00f3n proyectada para\u00a0<strong>Educaci\u00f3n,\u00a0<\/strong>en obras y equipamiento, es de un\u00a0<strong>48%<\/strong>\u00a0m\u00e1s que en 2022 y de<strong>\u00a0435%<\/strong> en t\u00e9rminos reales respecto de 2019. inform\u00f3 el portal Diputados Bonaerenses.<\/p>\n<p>\u201cEs una prioridad de esta gesti\u00f3n lograr una educaci\u00f3n p\u00fablica de calidad y esto se evidencia en los niveles de inversi\u00f3n en obras y equipamiento que son hist\u00f3ricos, superiores en un 435% en t\u00e9rminos reales respecto de 2019 y del 48,8% respecto de 2022\u201d, destac\u00f3\u00a0<strong>L\u00f3pez<\/strong>, durante la presentaci\u00f3n del\u00a0Presupuesto 2023\u00a0y la\u00a0Ley Impositiva.<\/p>\n<p>Desde el Ejecutivo aseguran que como en los a\u00f1os anteriores, en el <strong>Presupuesto 2023\u00a0<\/strong>la mayor inversi\u00f3n estar\u00e1 en instalaciones, educaci\u00f3n, salud, seguridad y empleo.<\/p>\n<p>En materia de <strong>impuestos<\/strong>, el proyecto prev\u00e9 subas por debajo de la inflaci\u00f3n.<\/p>\n<p>Sobre los\u00a0<strong>grav\u00e1menes impositivos<\/strong>, expondr\u00e1 la pr\u00f3xima semana el director Ejecutivo de la Agencia de Recaudaci\u00f3n de la provincia de Buenos Aires (<strong>ARBA<\/strong>),\u00a0<strong>Cristian Girard.<\/strong><\/p>\n<p>La semana pasada, L\u00f3pez resalt\u00f3 que el proyecto de Ley Impositiva 2023 est\u00e1 dise\u00f1ado sobre la base de la \u201crecuperaci\u00f3n econ\u00f3mica\u201d, y permitir\u00e1 proyectar recursos que \u201cse canalicen a sostener pol\u00edticas p\u00fablicas productivas con inclusi\u00f3n social\u201d.<\/p>\n<p>\u201cComo en los a\u00f1os anteriores, contin\u00faa con la premisa de dotar de mayor progresividad a la estructura tributaria, evitando aumentar la carga sobre la mayor\u00eda de las y los habitantes de la Provincia y haciendo hincapi\u00e9 en la solidaridad de los sectores con mayor capacidad contributiva\u201d, destac\u00f3 el titular de Hacienda.<\/p>\n<p>En el caso de Ingresos Brutos, se mantiene el universo de peque\u00f1as y medianas empresas beneficiadas por la al\u00edcuota diferenciada, a trav\u00e9s del incremento del 95% del monto m\u00e1ximo de facturaci\u00f3n. Adem\u00e1s, se incluye una exenci\u00f3n por 12 meses a nuevos y nuevas contribuyentes del R\u00e9gimen Simplificado.<\/p>\n<p>En lo que hace al Impuesto Inmobiliario se establecen topes progresivos de crecimiento del gravamen respecto al a\u00f1o anterior, los cuales son ascendentes a mayor patrimonio. La gran mayor\u00eda de los y las contribuyentes tendr\u00e1n aumentos iguales o menores al 60%.<\/p>\n<p>Respecto al Impuesto Automotor, se reduce la al\u00edcuota media a pagar por las y los contribuyentes, con un tope de crecimiento del gravamen de 40% que garantiza una disminuci\u00f3n de la carga impositiva<strong>(VW).<\/strong><\/p>\n<p>&nbsp;<\/p>\n","protected":false},"excerpt":{"rendered":"<p>El titular de la Direcci\u00f3n General de Cultura y Educaci\u00f3n, Alberto Sileoni, abrir\u00e1 este jueves el debate por el Presupuesto 2023 en la Legislatura bonaerense.<\/p>\n","protected":false},"author":3,"featured_media":78,"comment_status":"closed","ping_status":"closed","sticky":false,"template":"","format":"standard","meta":{"_monsterinsights_skip_tracking":false,"_monsterinsights_sitenote_active":false,"_monsterinsights_sitenote_note":"","_monsterinsights_sitenote_category":0,"footnotes":""},"categories":[4],"tags":[2240,2994,2160],"class_list":["post-8006","post","type-post","status-publish","format-standard","has-post-thumbnail","hentry","category-politica","tag-legislatura-bonaerense","tag-presupuesto-2023","tag-sileoni"],"_links":{"self":[{"href":"https:\/\/www.visionweb.com.ar\/index.php?rest_route=\/wp\/v2\/posts\/8006","targetHints":{"allow":["GET"]}}],"collection":[{"href":"https:\/\/www.visionweb.com.ar\/index.php?rest_route=\/wp\/v2\/posts"}],"about":[{"href":"https:\/\/www.visionweb.com.ar\/index.php?rest_route=\/wp\/v2\/types\/post"}],"author":[{"embeddable":true,"href":"https:\/\/www.visionweb.com.ar\/index.php?rest_route=\/wp\/v2\/users\/3"}],"replies":[{"embeddable":true,"href":"https:\/\/www.visionweb.com.ar\/index.php?rest_route=%2Fwp%2Fv2%2Fcomments&post=8006"}],"version-history":[{"count":1,"href":"https:\/\/www.visionweb.com.ar\/index.php?rest_route=\/wp\/v2\/posts\/8006\/revisions"}],"predecessor-version":[{"id":8007,"href":"https:\/\/www.visionweb.com.ar\/index.php?rest_route=\/wp\/v2\/posts\/8006\/revisions\/8007"}],"wp:featuredmedia":[{"embeddable":true,"href":"https:\/\/www.visionweb.com.ar\/index.php?rest_route=\/wp\/v2\/media\/78"}],"wp:attachment":[{"href":"https:\/\/www.visionweb.com.ar\/index.php?rest_route=%2Fwp%2Fv2%2Fmedia&parent=8006"}],"wp:term":[{"taxonomy":"category","embeddable":true,"href":"https:\/\/www.visionweb.com.ar\/index.php?rest_route=%2Fwp%2Fv2%2Fcategories&post=8006"},{"taxonomy":"post_tag","embeddable":true,"href":"https:\/\/www.visionweb.com.ar\/index.php?rest_route=%2Fwp%2Fv2%2Ftags&post=8006"}],"curies":[{"name":"wp","href":"https:\/\/api.w.org\/{rel}","templated":true}]}}