{"id":7998,"date":"2022-11-01T11:56:47","date_gmt":"2022-11-01T14:56:47","guid":{"rendered":"https:\/\/www.visionweb.com.ar\/?p=7998"},"modified":"2022-11-01T13:23:47","modified_gmt":"2022-11-01T16:23:47","slug":"para-grindetti-el-pro-debe-mantener-la-jefatura-de-gobierno-portena","status":"publish","type":"post","link":"https:\/\/www.visionweb.com.ar\/?p=7998","title":{"rendered":"Para Grindetti el PRO debe mantener la Jefatura de Gobierno porte\u00f1a"},"content":{"rendered":"<p><strong><em>En medio de las disputas por los posibles precandiatos a gobernar la Ciudad, el jefe comunal de Lan\u00fas reconoci\u00f3 que hay varios nombres para postularse a ese cargo.<\/em><\/strong>\u00a0 <!--more--><\/p>\n<p><img loading=\"lazy\" decoding=\"async\" class=\"size-full wp-image-6325 alignright\" src=\"https:\/\/www.visionweb.com.ar\/wp-content\/uploads\/2022\/07\/grindetti.bmp\" alt=\"\" width=\"507\" height=\"298\" \/> <strong>E<\/strong>l intendente de Lan\u00fas, N\u00e9stor Grindetti fue contundente a la hora de mostrar su apoyo a los candidatos del PRO en la ciudad de Buenos Aires para suceder a Rodr\u00edguez Larreta de cara al 2023.<\/p>\n<p>\u201cEl PRO no puede perder la ciudad, la tenemos que seguir manejando nosotros. Creo que Jorge Macri tiene toda la chapa para ser un buen jefe de Gobierno\u201d, expres\u00f3 Grindetti en declaraciones televisivas y agreg\u00f3: \u201ctambi\u00e9n hay otras alternativas como Soledad Acu\u00f1a o Fernan Quir\u00f3s\u201d<\/p>\n<p>Consultado sobre la posible eliminaci\u00f3n de las elecciones PASO, el jefe comunal lanusense analiz\u00f3: \u201c Cambiar las reglas cinco minutos antes del partido no est\u00e1 bueno, porque uno se viene preparando para un reglamento, todo se puede discutir, pero en el momento que corresponde, esto suena a una t\u00e1ctica electoral del gobierno\u201d.<\/p>\n<p>Cabe destacar que Grindetti fue ministro de Haciendo del gobierno de la ciudad durante los 8 a\u00f1os de mandato de Mauricio Macri<strong>(VW)<\/strong>.<\/p>\n","protected":false},"excerpt":{"rendered":"<p>En medio de las disputas por los posibles precandiatos a gobernar la Ciudad, el jefe comunal de Lan\u00fas reconoci\u00f3 que hay varios nombres para postularse a ese cargo.\u00a0<\/p>\n","protected":false},"author":3,"featured_media":6325,"comment_status":"closed","ping_status":"closed","sticky":false,"template":"","format":"standard","meta":{"_monsterinsights_skip_tracking":false,"_monsterinsights_sitenote_active":false,"_monsterinsights_sitenote_note":"","_monsterinsights_sitenote_category":0,"footnotes":""},"categories":[4],"tags":[1699,3334,3335,3336],"class_list":["post-7998","post","type-post","status-publish","format-standard","has-post-thumbnail","hentry","category-politica","tag-ciudad","tag-grinetti","tag-marcri","tag-qiros"],"_links":{"self":[{"href":"https:\/\/www.visionweb.com.ar\/index.php?rest_route=\/wp\/v2\/posts\/7998","targetHints":{"allow":["GET"]}}],"collection":[{"href":"https:\/\/www.visionweb.com.ar\/index.php?rest_route=\/wp\/v2\/posts"}],"about":[{"href":"https:\/\/www.visionweb.com.ar\/index.php?rest_route=\/wp\/v2\/types\/post"}],"author":[{"embeddable":true,"href":"https:\/\/www.visionweb.com.ar\/index.php?rest_route=\/wp\/v2\/users\/3"}],"replies":[{"embeddable":true,"href":"https:\/\/www.visionweb.com.ar\/index.php?rest_route=%2Fwp%2Fv2%2Fcomments&post=7998"}],"version-history":[{"count":1,"href":"https:\/\/www.visionweb.com.ar\/index.php?rest_route=\/wp\/v2\/posts\/7998\/revisions"}],"predecessor-version":[{"id":7999,"href":"https:\/\/www.visionweb.com.ar\/index.php?rest_route=\/wp\/v2\/posts\/7998\/revisions\/7999"}],"wp:featuredmedia":[{"embeddable":true,"href":"https:\/\/www.visionweb.com.ar\/index.php?rest_route=\/wp\/v2\/media\/6325"}],"wp:attachment":[{"href":"https:\/\/www.visionweb.com.ar\/index.php?rest_route=%2Fwp%2Fv2%2Fmedia&parent=7998"}],"wp:term":[{"taxonomy":"category","embeddable":true,"href":"https:\/\/www.visionweb.com.ar\/index.php?rest_route=%2Fwp%2Fv2%2Fcategories&post=7998"},{"taxonomy":"post_tag","embeddable":true,"href":"https:\/\/www.visionweb.com.ar\/index.php?rest_route=%2Fwp%2Fv2%2Ftags&post=7998"}],"curies":[{"name":"wp","href":"https:\/\/api.w.org\/{rel}","templated":true}]}}