{"id":7992,"date":"2022-11-01T11:43:40","date_gmt":"2022-11-01T14:43:40","guid":{"rendered":"https:\/\/www.visionweb.com.ar\/?p=7992"},"modified":"2022-11-01T11:43:40","modified_gmt":"2022-11-01T14:43:40","slug":"lanus-se-recibio-el-segundo-grupo-de-estudiantes-de-robotica-industrial","status":"publish","type":"post","link":"https:\/\/www.visionweb.com.ar\/?p=7992","title":{"rendered":"Lan\u00fas: Se recibi\u00f3 el segundo grupo de estudiantes de Rob\u00f3tica Industrial"},"content":{"rendered":"<p><em><strong>Ya son egresados del Centro Municipal de Rob\u00f3tica Industrial. Hubo entrega de diplomas a m\u00e1s de 30 alumnos que finalizaron su curso.<\/strong><\/em><!--more--><\/p>\n<div id=\"attachment_7994\" style=\"width: 310px\" class=\"wp-caption alignright\"><img loading=\"lazy\" decoding=\"async\" aria-describedby=\"caption-attachment-7994\" class=\"wp-image-7994 size-medium\" src=\"https:\/\/www.visionweb.com.ar\/wp-content\/uploads\/2022\/11\/Lanus-egresados-robotica-22-300x158.jpg\" alt=\"\" width=\"300\" height=\"158\" srcset=\"https:\/\/www.visionweb.com.ar\/wp-content\/uploads\/2022\/11\/Lanus-egresados-robotica-22-300x158.jpg 300w, https:\/\/www.visionweb.com.ar\/wp-content\/uploads\/2022\/11\/Lanus-egresados-robotica-22-768x404.jpg 768w, https:\/\/www.visionweb.com.ar\/wp-content\/uploads\/2022\/11\/Lanus-egresados-robotica-22.jpg 851w\" sizes=\"auto, (max-width: 300px) 100vw, 300px\" \/><p id=\"caption-attachment-7994\" class=\"wp-caption-text\">Regresado de Rob\u00f3tica Industrial. (Foto: Prensa de Lan\u00fas)<\/p><\/div>\n<p><strong>\u00a0 \u00a0 \u00a0 \u00a0 \u00a0E<\/strong>l jefe de Gabinete local, Diego Kravetz, encabez\u00f3 el evento realizado en el Polo Educativo de Villa Jard\u00edn, acompa\u00f1ado por la subsecretaria de Educaci\u00f3n, Yamila Monteleone, donde entregaron los diplomas a la segunda camada de personas que\u00a0estudiaron en el Centro Municipal de Rob\u00f3tica Industrial.<\/p>\n<p>El Municipio de Lan\u00fas, en conjunto con MWF Group, llevaron a cabo este el segundo curso de rob\u00f3tica, durante 3 meses y donde participaron m\u00e1s de \u00a030 vecinos, con el objetivo de alcanzar <strong>herramientas para el manejo de brazos rob\u00f3ticos industriales<\/strong> y ense\u00f1ar conceptos b\u00e1sicos de rob\u00f3tica, conforme indic\u00f3 Prensa de Lan\u00fas.<\/p>\n<p>En ese marco, <strong>Kravetz<\/strong> \u00a0destac\u00f3: \u00abEn los \u00faltimos a\u00f1os y con el avance de la tecnolog\u00eda, decidimos junto a N\u00e9stor Grindetti y a todo el equipo, apostar por la econom\u00eda del conocimiento brind\u00e1ndoles a los vecinos herramientas que le permitan desarrollar nuevas capacidades en materia tecnol\u00f3gica\u00bb.<\/p>\n<div id=\"attachment_7995\" style=\"width: 211px\" class=\"wp-caption alignleft\"><img loading=\"lazy\" decoding=\"async\" aria-describedby=\"caption-attachment-7995\" class=\"wp-image-7995 size-medium\" src=\"https:\/\/www.visionweb.com.ar\/wp-content\/uploads\/2022\/11\/lanus-egresados-robotica-22-medallas-201x300.jpg\" alt=\"\" width=\"201\" height=\"300\" srcset=\"https:\/\/www.visionweb.com.ar\/wp-content\/uploads\/2022\/11\/lanus-egresados-robotica-22-medallas-201x300.jpg 201w, https:\/\/www.visionweb.com.ar\/wp-content\/uploads\/2022\/11\/lanus-egresados-robotica-22-medallas.jpg 600w\" sizes=\"auto, (max-width: 201px) 100vw, 201px\" \/><p id=\"caption-attachment-7995\" class=\"wp-caption-text\">Las medallas otorgadas a los egresados. (Foto: Prensa de Lan\u00fas)<\/p><\/div>\n<p>El Jefe de Gabinete a la vez reafirm\u00f3 que: \u00abCada uno de los hoy recibidos nos dan la pauta de que <strong>estamos por buen camino y nos alienta a seguir generando espacios de contenci\u00f3n y crecimiento para nuestros vecinos<\/strong>.\u00bb<\/p>\n<p>Este curso surgi\u00f3 de la necesidad y los nuevos desaf\u00edos que requiere la tecnolog\u00eda hoy en d\u00eda, por lo que gracias al <strong>convenio firmado con MWF Group<\/strong>, y con esta segunda camada de egresados, m\u00e1s de 60 vecinos ya han incorporado herramientas en oficios tecnol\u00f3gicos.<\/p>\n<p>En abril del corriente a\u00f1o se dict\u00f3 el primer curso de rob\u00f3tica del distrito, el cual finaliz\u00f3 en junio del mismo.\u00a0<strong>(VW)<\/strong><\/p>\n<p>&nbsp;<\/p>\n","protected":false},"excerpt":{"rendered":"<p>Ya son egresados del Centro Municipal de Rob\u00f3tica Industrial. Hubo entrega de diplomas a m\u00e1s de 30 alumnos que finalizaron su curso.<\/p>\n","protected":false},"author":4,"featured_media":7995,"comment_status":"closed","ping_status":"closed","sticky":false,"template":"","format":"standard","meta":{"_monsterinsights_skip_tracking":false,"_monsterinsights_sitenote_active":false,"_monsterinsights_sitenote_note":"","_monsterinsights_sitenote_category":0,"footnotes":""},"categories":[7],"tags":[3332,3333,52,241,19],"class_list":["post-7992","post","type-post","status-publish","format-standard","has-post-thumbnail","hentry","category-educacion-y-cultura","tag-centro-municipal-de-robotica-indystrial","tag-diplomas","tag-egresados","tag-kravetz","tag-lanus"],"_links":{"self":[{"href":"https:\/\/www.visionweb.com.ar\/index.php?rest_route=\/wp\/v2\/posts\/7992","targetHints":{"allow":["GET"]}}],"collection":[{"href":"https:\/\/www.visionweb.com.ar\/index.php?rest_route=\/wp\/v2\/posts"}],"about":[{"href":"https:\/\/www.visionweb.com.ar\/index.php?rest_route=\/wp\/v2\/types\/post"}],"author":[{"embeddable":true,"href":"https:\/\/www.visionweb.com.ar\/index.php?rest_route=\/wp\/v2\/users\/4"}],"replies":[{"embeddable":true,"href":"https:\/\/www.visionweb.com.ar\/index.php?rest_route=%2Fwp%2Fv2%2Fcomments&post=7992"}],"version-history":[{"count":2,"href":"https:\/\/www.visionweb.com.ar\/index.php?rest_route=\/wp\/v2\/posts\/7992\/revisions"}],"predecessor-version":[{"id":7996,"href":"https:\/\/www.visionweb.com.ar\/index.php?rest_route=\/wp\/v2\/posts\/7992\/revisions\/7996"}],"wp:featuredmedia":[{"embeddable":true,"href":"https:\/\/www.visionweb.com.ar\/index.php?rest_route=\/wp\/v2\/media\/7995"}],"wp:attachment":[{"href":"https:\/\/www.visionweb.com.ar\/index.php?rest_route=%2Fwp%2Fv2%2Fmedia&parent=7992"}],"wp:term":[{"taxonomy":"category","embeddable":true,"href":"https:\/\/www.visionweb.com.ar\/index.php?rest_route=%2Fwp%2Fv2%2Fcategories&post=7992"},{"taxonomy":"post_tag","embeddable":true,"href":"https:\/\/www.visionweb.com.ar\/index.php?rest_route=%2Fwp%2Fv2%2Ftags&post=7992"}],"curies":[{"name":"wp","href":"https:\/\/api.w.org\/{rel}","templated":true}]}}