{"id":7984,"date":"2022-11-01T12:25:25","date_gmt":"2022-11-01T15:25:25","guid":{"rendered":"https:\/\/www.visionweb.com.ar\/?p=7984"},"modified":"2022-11-01T13:27:10","modified_gmt":"2022-11-01T16:27:10","slug":"kicillof-m-kirchner-e-intendentes-cerraron-filas-en-torno-a-las-paso","status":"publish","type":"post","link":"https:\/\/www.visionweb.com.ar\/?p=7984","title":{"rendered":"Kicillof, M Kirchner e intendentes cerraron filas en torno a las PASO"},"content":{"rendered":"<p><em><strong>Se reunieron en La Plata. Debatieron la estrategia electoral y tambi\u00e9n analizaron el Presupuesto 2023. Los dirigentes quieren apuntalar la gesti\u00f3n del oficailismo.<\/strong><\/em><!--more--><\/p>\n<div id=\"attachment_7997\" style=\"width: 310px\" class=\"wp-caption alignright\"><img loading=\"lazy\" decoding=\"async\" aria-describedby=\"caption-attachment-7997\" class=\"wp-image-7997 size-medium\" src=\"https:\/\/www.visionweb.com.ar\/wp-content\/uploads\/2022\/11\/AXEL-Y-MAXIMO-300x200.png\" alt=\"\" width=\"300\" height=\"200\" srcset=\"https:\/\/www.visionweb.com.ar\/wp-content\/uploads\/2022\/11\/AXEL-Y-MAXIMO-300x200.png 300w, https:\/\/www.visionweb.com.ar\/wp-content\/uploads\/2022\/11\/AXEL-Y-MAXIMO-768x512.png 768w, https:\/\/www.visionweb.com.ar\/wp-content\/uploads\/2022\/11\/AXEL-Y-MAXIMO.png 960w\" sizes=\"auto, (max-width: 300px) 100vw, 300px\" \/><p id=\"caption-attachment-7997\" class=\"wp-caption-text\"><em><strong>El mandatario bionaerense aspira a su reelecci\u00f3n en 2023 (Foto: Agencias)<\/strong><\/em><\/p><\/div>\n<p><strong>\u00a0 \u00a0 \u00a0 \u00a0 E<\/strong>n una encuentro previo a lo que ser\u00e1 la reuni\u00f3n que el PJ bonaerense del s\u00e1bado en Mar del Plata, el gobernador Axel Kicillof recibi\u00f3 en La Plata al jefe de La C\u00e1mpora, M\u00e1ximo Kirchner, y a un grupo de intendentes para avanzar en una estrategia electoral rumbo a 2023 y cerrar filas en torno a las Primarias Abiertas, Simult\u00e1neas y Obligatorias (PASO).<\/p>\n<p>En medio de la grieta interna en el Frente de Todos que se reaviv\u00f3 tras los dichos del presidente Alberto Fern\u00e1ndez en contra de suspender las PASO, Kicillof y Kirchner escucharon a los jefes comunales de la primera y la tercera secci\u00f3n electoral y trazaron una hoja de ruta rumbo a la cumbre del s\u00e1bado.<\/p>\n<p>All\u00ed se esperan definiciones, sobre todo de contenido pol\u00edtico en torno a la necesidad de suspender las PASO, algo que desde La C\u00e1mpora le vienen reclamando al m\u00e1ximo mandatario<\/p>\n<p>Rodeados de un fuerte hermetismo, los dirigentes comenzaron a debatir las estrategias para apuntalar la gesti\u00f3n de Gobierno y as\u00ed llegar bien posicionados para el inicio del a\u00f1o electoral.<\/p>\n<p>En ese punto, el intendente de Ensenada, Mario Secco, y su par de Salto, Ricardo Alessandro, se pronunciaron en la previa a la cumbre a favor de la posibilidad de que Kicillof sea reelecto en 2023.<\/p>\n<p>\u201cEstamos trabajando para que Axel contin\u00fae, no tengo dudas que tiene que ser nuestro gobernador nuevamente\u201d, dijo Alessandro a radio Provincia.<\/p>\n<p>En ese tono, durante la inauguraci\u00f3n de un mercado popular en el municipio bonaerense de Ensenada, Secco expres\u00f3: \u201cLo voy a bancar en la reelecci\u00f3n del a\u00f1o que viene\u201d.<\/p>\n<p>Hasta la residencia oficial de calle 5, llegaron los ministros nacionales Gabriel Katopodis (infraestructura) y Jorge Ferraresi (este martes retoma la intendencia de Avellaneda).<\/p>\n<p>Adem\u00e1s, participaron los ministros bonaerenses Andr\u00e9s \u201cCuervo\u201d Larroque, Cristina \u00c1lvarez Rodr\u00edguez y Leonardo Nardini; el jefe de Gabinete, Mart\u00edn Insaurralde, y Ariel Sujarchuk, secretario de Econom\u00eda del Conocimiento de la Naci\u00f3n y en licencia en Escobar.<\/p>\n<p>En lo que respecta a los intendentes, estuvieron Federico Achaval (Pilar), Alberto Descalzo (Ituzaing\u00f3) y Fernando Espinoza (La Matanza), y el legislador provincial Mariano Cascallares, entre otros. Mientras que el massismo tuvo su representaci\u00f3n de la mano de Juan Andreotti, intendente de San Fernando.<\/p>\n<p>Durante el encuentro, que se extendi\u00f3 por varias horas, se repasaron adem\u00e1s los principales lineamientos del Presupuesto 2023 y de la Ley Impositiva, recientemente presentados en la Legislatura.<\/p>\n<p>Se repasaron, en ese sentido, los detalles de las obras para cada distrito, y los asistentes se retiraron de la reuni\u00f3n con carpetas individuales que inclu\u00edan la informaci\u00f3n m\u00e1s destacada de ambos proyectos<strong>(VA)<\/strong><\/p>\n<p><strong>Fuente Agencia DIB<\/strong><\/p>\n","protected":false},"excerpt":{"rendered":"<p>Se reunieron en La Plata. Debatieron la estrategia electoral y tambi\u00e9n analizaron el Presupuesto 2023. Los dirigentes quieren apuntalar la gesti\u00f3n del oficailismo.<\/p>\n","protected":false},"author":3,"featured_media":7997,"comment_status":"closed","ping_status":"closed","sticky":false,"template":"","format":"standard","meta":{"_monsterinsights_skip_tracking":false,"_monsterinsights_sitenote_active":false,"_monsterinsights_sitenote_note":"","_monsterinsights_sitenote_category":0,"footnotes":""},"categories":[4],"tags":[1156,84,264,204],"class_list":["post-7984","post","type-post","status-publish","format-standard","has-post-thumbnail","hentry","category-politica","tag-apoyo","tag-ferraresi","tag-intendentes","tag-paso"],"_links":{"self":[{"href":"https:\/\/www.visionweb.com.ar\/index.php?rest_route=\/wp\/v2\/posts\/7984","targetHints":{"allow":["GET"]}}],"collection":[{"href":"https:\/\/www.visionweb.com.ar\/index.php?rest_route=\/wp\/v2\/posts"}],"about":[{"href":"https:\/\/www.visionweb.com.ar\/index.php?rest_route=\/wp\/v2\/types\/post"}],"author":[{"embeddable":true,"href":"https:\/\/www.visionweb.com.ar\/index.php?rest_route=\/wp\/v2\/users\/3"}],"replies":[{"embeddable":true,"href":"https:\/\/www.visionweb.com.ar\/index.php?rest_route=%2Fwp%2Fv2%2Fcomments&post=7984"}],"version-history":[{"count":1,"href":"https:\/\/www.visionweb.com.ar\/index.php?rest_route=\/wp\/v2\/posts\/7984\/revisions"}],"predecessor-version":[{"id":8000,"href":"https:\/\/www.visionweb.com.ar\/index.php?rest_route=\/wp\/v2\/posts\/7984\/revisions\/8000"}],"wp:featuredmedia":[{"embeddable":true,"href":"https:\/\/www.visionweb.com.ar\/index.php?rest_route=\/wp\/v2\/media\/7997"}],"wp:attachment":[{"href":"https:\/\/www.visionweb.com.ar\/index.php?rest_route=%2Fwp%2Fv2%2Fmedia&parent=7984"}],"wp:term":[{"taxonomy":"category","embeddable":true,"href":"https:\/\/www.visionweb.com.ar\/index.php?rest_route=%2Fwp%2Fv2%2Fcategories&post=7984"},{"taxonomy":"post_tag","embeddable":true,"href":"https:\/\/www.visionweb.com.ar\/index.php?rest_route=%2Fwp%2Fv2%2Ftags&post=7984"}],"curies":[{"name":"wp","href":"https:\/\/api.w.org\/{rel}","templated":true}]}}