{"id":7977,"date":"2022-10-31T13:43:45","date_gmt":"2022-10-31T16:43:45","guid":{"rendered":"https:\/\/www.visionweb.com.ar\/?p=7977"},"modified":"2022-10-31T13:44:29","modified_gmt":"2022-10-31T16:44:29","slug":"instagram-presento-fallas-en-su-funcionamiento","status":"publish","type":"post","link":"https:\/\/www.visionweb.com.ar\/?p=7977","title":{"rendered":"Instagram present\u00f3 fallas en su funcionamiento"},"content":{"rendered":"<p><em><strong>Hace unos d\u00edas, el servicio de mensajer\u00eda WhatsApp sufri\u00f3 una falla mundial que dej\u00f3 a millones de usuarios sin poder enviar o recibir mensajes durante algunas horas.<\/strong><\/em><!--more--><\/p>\n<div id=\"attachment_6348\" style=\"width: 310px\" class=\"wp-caption alignright\"><img loading=\"lazy\" decoding=\"async\" aria-describedby=\"caption-attachment-6348\" class=\"wp-image-6348 size-medium\" src=\"https:\/\/www.visionweb.com.ar\/wp-content\/uploads\/2022\/07\/instagram-estafas-300x282.jpg\" alt=\"\" width=\"300\" height=\"282\" srcset=\"https:\/\/www.visionweb.com.ar\/wp-content\/uploads\/2022\/07\/instagram-estafas-300x282.jpg 300w, https:\/\/www.visionweb.com.ar\/wp-content\/uploads\/2022\/07\/instagram-estafas.jpg 460w\" sizes=\"auto, (max-width: 300px) 100vw, 300px\" \/><p id=\"caption-attachment-6348\" class=\"wp-caption-text\"><strong><em>La red social utilizada por miles de millones de personas, hoy report\u00f3 fallas<\/em><\/strong><\/p><\/div>\n<p><strong>\u00a0 \u00a0 \u00a0 I<\/strong>nstagram presenta este lunes\u00a0<strong>fallas en su funcionamiento<\/strong>, que se visibilizan cuando los usuarios intentan ingresar a la app y no pueden conseguirlo. La red social inform\u00f3 que est\u00e1 investigando el tema y pidi\u00f3 \u201cdisculpas por las molestias\u201d.<\/p>\n<p>\u201cSabemos que algunos usuarios tienen problemas para acceder a su cuenta de Instagram. Lo estamos investigando y pedimos disculpas por las molestias\u201d,\u00a0<strong>confirm\u00f3 Instagram en su\u00a0<a href=\"https:\/\/twitter.com\/InstagramComms\" target=\"_blank\" rel=\"noopener\">cuenta<\/a>\u00a0de Twitter.<\/strong><\/p>\n<p>Usuarios de la aplicaci\u00f3n tambi\u00e9n se quejaron en Twitter de haber perdido una cantidad considerable de seguidores en pocos minutos, mientras otras personas reclamaron que les hab\u00eda aparecido un cartel que dec\u00eda que su cuenta hab\u00eda sido suspendida.<\/p>\n<p>El sitio de monitoreo online Down Detector hab\u00eda anticipado m\u00e1s temprano que las fallas en Instagram se reportaron desde diversos pa\u00edses del mundo. A\u00fan se desconocen las causas del problema.<\/p>\n<p>Hace unos d\u00edas, el servicio de mensajer\u00eda WhatsApp sufri\u00f3 una falla mundial que dej\u00f3 a millones de usuarios sin poder enviar o recibir mensajes durante algunas horas, inform\u00f3 el grupo Meta, casa matriz de la plataforma, que lament\u00f3 lo sucedido.<\/p>\n<p>\u201cSabemos que la gente ha tenido problemas para enviar mensajes WhatsApp hoy\u201d, indic\u00f3 un portavoz de Meta, y destac\u00f3: \u201cHemos resuelto el problema y nos disculpamos por cualquier inconveniente\u201d.<\/p>\n<p>El origen de la aver\u00eda a\u00fan no fue especificado, seg\u00fan report\u00f3 la agencia de noticias AFP.<\/p>\n<p>Las plataformas de Meta, las redes sociales de Facebook e Instagram, as\u00ed como las mensajer\u00edas WhatsApp y Messenger, ya fueron v\u00edctimas de un apag\u00f3n masivo sin precedentes el a\u00f1o pasado.<\/p>\n<p>La duraci\u00f3n y la magnitud de esta interrupci\u00f3n de cuatro servicios utilizados por miles de millones de personas la hab\u00edan convertido en un incidente importante, hasta el punto de que DownDetector lo identific\u00f3 como \u201cel m\u00e1s importante que jam\u00e1s se haya visto\u201d en las redes sociales.<\/p>\n<p>Facebook reconoci\u00f3 entonces que el incidente se deb\u00eda a un error de su parte y no a un problema t\u00e9cnico<strong>(VW)<\/strong>.<\/p>\n<p>&nbsp;<\/p>\n","protected":false},"excerpt":{"rendered":"<p>Hace unos d\u00edas, el servicio de mensajer\u00eda WhatsApp sufri\u00f3 una falla mundial que dej\u00f3 a millones de usuarios sin poder enviar o recibir mensajes durante algunas horas.<\/p>\n","protected":false},"author":3,"featured_media":6348,"comment_status":"closed","ping_status":"closed","sticky":false,"template":"","format":"standard","meta":{"_monsterinsights_skip_tracking":false,"_monsterinsights_sitenote_active":false,"_monsterinsights_sitenote_note":"","_monsterinsights_sitenote_category":0,"footnotes":""},"categories":[3],"tags":[3327,3326,3325,2069],"class_list":["post-7977","post","type-post","status-publish","format-standard","has-post-thumbnail","hentry","category-actualidad","tag-apagon","tag-falla","tag-instagram","tag-resolucion"],"_links":{"self":[{"href":"https:\/\/www.visionweb.com.ar\/index.php?rest_route=\/wp\/v2\/posts\/7977","targetHints":{"allow":["GET"]}}],"collection":[{"href":"https:\/\/www.visionweb.com.ar\/index.php?rest_route=\/wp\/v2\/posts"}],"about":[{"href":"https:\/\/www.visionweb.com.ar\/index.php?rest_route=\/wp\/v2\/types\/post"}],"author":[{"embeddable":true,"href":"https:\/\/www.visionweb.com.ar\/index.php?rest_route=\/wp\/v2\/users\/3"}],"replies":[{"embeddable":true,"href":"https:\/\/www.visionweb.com.ar\/index.php?rest_route=%2Fwp%2Fv2%2Fcomments&post=7977"}],"version-history":[{"count":1,"href":"https:\/\/www.visionweb.com.ar\/index.php?rest_route=\/wp\/v2\/posts\/7977\/revisions"}],"predecessor-version":[{"id":7978,"href":"https:\/\/www.visionweb.com.ar\/index.php?rest_route=\/wp\/v2\/posts\/7977\/revisions\/7978"}],"wp:featuredmedia":[{"embeddable":true,"href":"https:\/\/www.visionweb.com.ar\/index.php?rest_route=\/wp\/v2\/media\/6348"}],"wp:attachment":[{"href":"https:\/\/www.visionweb.com.ar\/index.php?rest_route=%2Fwp%2Fv2%2Fmedia&parent=7977"}],"wp:term":[{"taxonomy":"category","embeddable":true,"href":"https:\/\/www.visionweb.com.ar\/index.php?rest_route=%2Fwp%2Fv2%2Fcategories&post=7977"},{"taxonomy":"post_tag","embeddable":true,"href":"https:\/\/www.visionweb.com.ar\/index.php?rest_route=%2Fwp%2Fv2%2Ftags&post=7977"}],"curies":[{"name":"wp","href":"https:\/\/api.w.org\/{rel}","templated":true}]}}