{"id":7968,"date":"2022-10-30T10:19:31","date_gmt":"2022-10-30T13:19:31","guid":{"rendered":"https:\/\/www.visionweb.com.ar\/?p=7968"},"modified":"2022-10-30T10:19:31","modified_gmt":"2022-10-30T13:19:31","slug":"moron-grindetti-cuestiono-al-gobernador-kicillof-por-el-cierre-del-aeropuerto-de-palomar","status":"publish","type":"post","link":"https:\/\/www.visionweb.com.ar\/?p=7968","title":{"rendered":"Mor\u00f3n: Grindetti cuestion\u00f3 al gobernador Kicillof por el cierre del aeropuerto de Palomar\u00a0 \u00a0"},"content":{"rendered":"<p><em><strong>En un encuentro con referentes, concejales y consejeros escolares de Mor\u00f3n, Grindetti analizo la actualidad pol\u00edtica y social del conurbano.<\/strong><\/em><!--more--><\/p>\n<p><strong>\u00a0 \u00a0 \u00a0 <img loading=\"lazy\" decoding=\"async\" class=\"size-medium wp-image-7969 alignright\" src=\"https:\/\/www.visionweb.com.ar\/wp-content\/uploads\/2022\/10\/GRINDETTI-EN-MORON-300x214.jpeg\" alt=\"\" width=\"300\" height=\"214\" srcset=\"https:\/\/www.visionweb.com.ar\/wp-content\/uploads\/2022\/10\/GRINDETTI-EN-MORON-300x214.jpeg 300w, https:\/\/www.visionweb.com.ar\/wp-content\/uploads\/2022\/10\/GRINDETTI-EN-MORON.jpeg 640w\" sizes=\"auto, (max-width: 300px) 100vw, 300px\" \/>\u00a0E<\/strong>n una nueva recorrida por el oeste bonaerense, el intendente de Lan\u00fas y referente provincial del PRO, Nestor Grindetti cuestion\u00f3 el cierre del aeropuerto de El Palomar, durante una reuni\u00f3n que mantuvo con\u00a0 vecinos, ex comerciantes y trabajadores del aeropuerto del Palomar.<\/p>\n<p>\u00abEl gobernador Kicillof tendr\u00eda que haber defendido con mayor firmeza los puestos de trabajo y el desarrollo local que trajo el aeropuerto a esta ciudad, se tom\u00f3 una decisi\u00f3n sesgada desde lo ideol\u00f3gico\u00bb, expres\u00f3 Grindetti.<\/p>\n<p><img loading=\"lazy\" decoding=\"async\" class=\"size-medium wp-image-7970 alignleft\" src=\"https:\/\/www.visionweb.com.ar\/wp-content\/uploads\/2022\/10\/grindetti-en-palomar-279x300.png\" alt=\"\" width=\"279\" height=\"300\" srcset=\"https:\/\/www.visionweb.com.ar\/wp-content\/uploads\/2022\/10\/grindetti-en-palomar-279x300.png 279w, https:\/\/www.visionweb.com.ar\/wp-content\/uploads\/2022\/10\/grindetti-en-palomar-768x826.png 768w, https:\/\/www.visionweb.com.ar\/wp-content\/uploads\/2022\/10\/grindetti-en-palomar.png 938w\" sizes=\"auto, (max-width: 279px) 100vw, 279px\" \/>Junto al ex intendente y referente local, Ramiro Tagliaferro, Grindetti mantuvo un encuentro con ex trabajadores del aeropuerto y comerciantes locales para analizar las consecuencias que trajo el cese de los vuelos comerciales en toda la zona y los niveles de inseguridad que sufre el barrio.<\/p>\n<p>\u00abEl desaf\u00edo de la pol\u00edtica es siempre mirar para delante teniendo la grandeza de conservar y mejorar las pol\u00edticas p\u00fablicas correctas que dejaron otros gobiernos y corregir aquello que se hizo mal, el caso del Palomar es un claro ejemplo de un retroceso de este gobierno\u00bb.<\/p>\n<p>M\u00e1s tarde, Grindetti se reuni\u00f3 con referentes, concejales y consejeros escolares de Mor\u00f3n con quienes dialog\u00f3 sobre los desaf\u00edos de Juntos en la provincia y analizaron la actualidad pol\u00edtica y social del conurbano.<\/p>\n<p>El jefe comunal lanusense y aspirante a la gobernaci\u00f3n en el 2023 estuvo acompa\u00f1ado del vicepresidente de la c\u00e1mara de diputados, Adri\u00e1n Urreli, el ex legislador, Gustavo V\u00e9lez y el secretario de Educaci\u00f3n de Lan\u00fas,\u00a0 Dami\u00e1n Sala<strong>(VW)<\/strong>.<\/p>\n","protected":false},"excerpt":{"rendered":"<p>En un encuentro con referentes, concejales y consejeros escolares de Mor\u00f3n, Grindetti analizo la actualidad pol\u00edtica y social del conurbano.<\/p>\n","protected":false},"author":3,"featured_media":7969,"comment_status":"closed","ping_status":"closed","sticky":false,"template":"","format":"standard","meta":{"_monsterinsights_skip_tracking":false,"_monsterinsights_sitenote_active":false,"_monsterinsights_sitenote_note":"","_monsterinsights_sitenote_category":0,"footnotes":""},"categories":[4],"tags":[3324,3322,3323,1247,446],"class_list":["post-7968","post","type-post","status-publish","format-standard","has-post-thumbnail","hentry","category-politica","tag-comerciantes","tag-moron","tag-palomar","tag-trabajadores","tag-vecinos"],"_links":{"self":[{"href":"https:\/\/www.visionweb.com.ar\/index.php?rest_route=\/wp\/v2\/posts\/7968","targetHints":{"allow":["GET"]}}],"collection":[{"href":"https:\/\/www.visionweb.com.ar\/index.php?rest_route=\/wp\/v2\/posts"}],"about":[{"href":"https:\/\/www.visionweb.com.ar\/index.php?rest_route=\/wp\/v2\/types\/post"}],"author":[{"embeddable":true,"href":"https:\/\/www.visionweb.com.ar\/index.php?rest_route=\/wp\/v2\/users\/3"}],"replies":[{"embeddable":true,"href":"https:\/\/www.visionweb.com.ar\/index.php?rest_route=%2Fwp%2Fv2%2Fcomments&post=7968"}],"version-history":[{"count":1,"href":"https:\/\/www.visionweb.com.ar\/index.php?rest_route=\/wp\/v2\/posts\/7968\/revisions"}],"predecessor-version":[{"id":7971,"href":"https:\/\/www.visionweb.com.ar\/index.php?rest_route=\/wp\/v2\/posts\/7968\/revisions\/7971"}],"wp:featuredmedia":[{"embeddable":true,"href":"https:\/\/www.visionweb.com.ar\/index.php?rest_route=\/wp\/v2\/media\/7969"}],"wp:attachment":[{"href":"https:\/\/www.visionweb.com.ar\/index.php?rest_route=%2Fwp%2Fv2%2Fmedia&parent=7968"}],"wp:term":[{"taxonomy":"category","embeddable":true,"href":"https:\/\/www.visionweb.com.ar\/index.php?rest_route=%2Fwp%2Fv2%2Fcategories&post=7968"},{"taxonomy":"post_tag","embeddable":true,"href":"https:\/\/www.visionweb.com.ar\/index.php?rest_route=%2Fwp%2Fv2%2Ftags&post=7968"}],"curies":[{"name":"wp","href":"https:\/\/api.w.org\/{rel}","templated":true}]}}