{"id":7953,"date":"2022-10-28T10:01:11","date_gmt":"2022-10-28T13:01:11","guid":{"rendered":"https:\/\/www.visionweb.com.ar\/?p=7953"},"modified":"2022-10-28T10:01:11","modified_gmt":"2022-10-28T13:01:11","slug":"expo-pyme-bna-conecta-la-vuelta-del-credito-productivo","status":"publish","type":"post","link":"https:\/\/www.visionweb.com.ar\/?p=7953","title":{"rendered":"Expo Pyme BNA Conecta: La vuelta del \u00abcr\u00e9dito productivo\u00bb"},"content":{"rendered":"<p><strong>El gobernador Axel Kicillof particip\u00f3 de la Expo PyME en Florencio Varela. Destac\u00f3 el acceso al cr\u00e9dito y enfatiz\u00f3 en reforzar el mercado interno para \u00abmejorar la redistribuci\u00f3n\u00bb.<\/strong><!--more--><\/p>\n<div id=\"attachment_7955\" style=\"width: 310px\" class=\"wp-caption alignright\"><img loading=\"lazy\" decoding=\"async\" aria-describedby=\"caption-attachment-7955\" class=\"wp-image-7955 size-medium\" src=\"https:\/\/www.visionweb.com.ar\/wp-content\/uploads\/2022\/10\/expo-pyme-varela-300x154.jpg\" alt=\"\" width=\"300\" height=\"154\" srcset=\"https:\/\/www.visionweb.com.ar\/wp-content\/uploads\/2022\/10\/expo-pyme-varela-300x154.jpg 300w, https:\/\/www.visionweb.com.ar\/wp-content\/uploads\/2022\/10\/expo-pyme-varela-768x394.jpg 768w, https:\/\/www.visionweb.com.ar\/wp-content\/uploads\/2022\/10\/expo-pyme-varela.bmp 783w\" sizes=\"auto, (max-width: 300px) 100vw, 300px\" \/><p id=\"caption-attachment-7955\" class=\"wp-caption-text\">Foto: BNA Conecta.<\/p><\/div>\n<p><strong>E<\/strong>l gobernador de la provincia de Buenos Aires, Axel Kicillof, particip\u00f3 ayer jueves de la segunda jornada de la 1\u00b0 Expo Pyme: BNA Conecta, en Florencio Varela, junto a la presidente de la instituci\u00f3n, Silvina Batakis.<\/p>\n<p>La muestra con m\u00e1s de 50 stands para expositores de m\u00faltiples rubros, con foco en la industria, la construcci\u00f3n y la miner\u00eda se desarroll\u00f3 en el Parque Industrial y Tecnol\u00f3gico de Florencio Varela (PITEC), con la presencia del intendente local, Andr\u00e9s Watson; el diputado nacional Julio Pereyra; y el director del banco Mart\u00edn Pollera.<\/p>\n<p>En la exposici\u00f3n, el gobernador Kicillof explic\u00f3 que: \u201cUna de las pol\u00edticas p\u00fablicas fundamentales para apuntalar a las peque\u00f1as y medianas empresas es <strong>el acceso al cr\u00e9dito productivo<\/strong> y, all\u00ed, el Banco Naci\u00f3n cumple un rol que es insustituible\u201d.<\/p>\n<p>A la vez detall\u00f3: \u201cTanto aqu\u00ed en el \u00e1rea metropolitana como en el interior de nuestra provincia, es la banca p\u00fablica la que aporta a la industria el financiamiento que se requiere para agregar valor y crear trabajo\u201d.<\/p>\n<p>En ese sentido, el Gobernador , en alusi\u00f3n al mandato de Macri, se\u00f1al\u00f3 que: \u201cDespu\u00e9s de una etapa en la que hubo un ataque permanente contra la industria, el Estado est\u00e1 nuevamente promoviendo un mercado interno robusto que permita que las pymes puedan desarrollarse\u201d.<\/p>\n<p>\u201cPor ello <strong>necesitamos que<\/strong> <strong>el poder adquisitivo de las mayor\u00edas crezca y se sostenga<\/strong>, porque as\u00ed es como alcanzaremos un crecimiento con inclusi\u00f3n social y mejor distribuci\u00f3n del ingreso\u201d, subray\u00f3 el Gobernador.<\/p>\n<p>Tambi\u00e9n, durante la jornada en el PITEC, las autoridades descubrieron una placa en homenaje a\u00a0N\u00e9stor Kirchner a 12 a\u00f1os de su fallecimiento, que fue realizada por los trabajadores del Astillero R\u00edo Santiago.<\/p>\n<p>Estuvieron presentes el jefe de Asesores del Gobernador,\u00a0Carlos Bianco; el ministro de Producci\u00f3n, Ciencia e Innovaci\u00f3n Tecnol\u00f3gica, Augusto Costa; la subsecretaria de Industria, Pymes y Cooperativas,\u00a0Mariela Bembi; el subsecretario de Desarrollo Comercial y Promoci\u00f3n de Inversiones,<strong>\u00a0<\/strong>Ariel Aguilar;\u00a0la directora del Banco Naci\u00f3n\u00a0Julia Strada; el presidente de la Federaci\u00f3n Econ\u00f3mica de Buenos Aires (FEBA),\u00a0Camilo Kahale; el titular de la Confederaci\u00f3n Nacional de Cooperativas de Trabajo,\u00a0Christian Mi\u00f1o;\u00a0y el dirigente<strong>\u00a0<\/strong>Carlos Kunkel.<strong> (VW)<\/strong><\/p>\n<p>&nbsp;<\/p>\n","protected":false},"excerpt":{"rendered":"<p>El gobernador Axel Kicillof particip\u00f3 de la Expo PyME en Florencio Varela. Destac\u00f3 el acceso al cr\u00e9dito y enfatiz\u00f3 en reforzar el mercado interno para \u00abmejorar la redistribuci\u00f3n\u00bb.<\/p>\n","protected":false},"author":4,"featured_media":7955,"comment_status":"closed","ping_status":"closed","sticky":false,"template":"","format":"standard","meta":{"_monsterinsights_skip_tracking":false,"_monsterinsights_sitenote_active":false,"_monsterinsights_sitenote_note":"","_monsterinsights_sitenote_category":0,"footnotes":""},"categories":[4,749],"tags":[2575,3314,3315,167],"class_list":["post-7953","post","type-post","status-publish","format-standard","has-post-thumbnail","hentry","category-politica","category-pymes","tag-batakis","tag-expo-pyme-conecta-bna","tag-florencio-varela","tag-kicillof"],"_links":{"self":[{"href":"https:\/\/www.visionweb.com.ar\/index.php?rest_route=\/wp\/v2\/posts\/7953","targetHints":{"allow":["GET"]}}],"collection":[{"href":"https:\/\/www.visionweb.com.ar\/index.php?rest_route=\/wp\/v2\/posts"}],"about":[{"href":"https:\/\/www.visionweb.com.ar\/index.php?rest_route=\/wp\/v2\/types\/post"}],"author":[{"embeddable":true,"href":"https:\/\/www.visionweb.com.ar\/index.php?rest_route=\/wp\/v2\/users\/4"}],"replies":[{"embeddable":true,"href":"https:\/\/www.visionweb.com.ar\/index.php?rest_route=%2Fwp%2Fv2%2Fcomments&post=7953"}],"version-history":[{"count":2,"href":"https:\/\/www.visionweb.com.ar\/index.php?rest_route=\/wp\/v2\/posts\/7953\/revisions"}],"predecessor-version":[{"id":7956,"href":"https:\/\/www.visionweb.com.ar\/index.php?rest_route=\/wp\/v2\/posts\/7953\/revisions\/7956"}],"wp:featuredmedia":[{"embeddable":true,"href":"https:\/\/www.visionweb.com.ar\/index.php?rest_route=\/wp\/v2\/media\/7955"}],"wp:attachment":[{"href":"https:\/\/www.visionweb.com.ar\/index.php?rest_route=%2Fwp%2Fv2%2Fmedia&parent=7953"}],"wp:term":[{"taxonomy":"category","embeddable":true,"href":"https:\/\/www.visionweb.com.ar\/index.php?rest_route=%2Fwp%2Fv2%2Fcategories&post=7953"},{"taxonomy":"post_tag","embeddable":true,"href":"https:\/\/www.visionweb.com.ar\/index.php?rest_route=%2Fwp%2Fv2%2Ftags&post=7953"}],"curies":[{"name":"wp","href":"https:\/\/api.w.org\/{rel}","templated":true}]}}