{"id":7949,"date":"2022-10-28T09:07:17","date_gmt":"2022-10-28T12:07:17","guid":{"rendered":"https:\/\/www.visionweb.com.ar\/?p=7949"},"modified":"2022-10-28T09:07:17","modified_gmt":"2022-10-28T12:07:17","slug":"provincia-proyecto-para-la-creacion-de-un-gabinete-de-cambio-climatico","status":"publish","type":"post","link":"https:\/\/www.visionweb.com.ar\/?p=7949","title":{"rendered":"Provincia: Proyecto para la creaci\u00f3n de un Gabinete de Cambio Clim\u00e1tico"},"content":{"rendered":"<p><em><strong>Ser\u00e1<\/strong><strong> especializado en la implementaci\u00f3n de pol\u00edticas p\u00fablicas orientado a la gesti\u00f3n ambiental.<\/strong><\/em><strong>\u00a0<\/strong><!--more--><\/p>\n<p><strong><img loading=\"lazy\" decoding=\"async\" class=\"size-medium wp-image-7951 alignleft\" src=\"https:\/\/www.visionweb.com.ar\/wp-content\/uploads\/2022\/10\/Kicillof-archivo-300x246.jpg\" alt=\"\" width=\"300\" height=\"246\" srcset=\"https:\/\/www.visionweb.com.ar\/wp-content\/uploads\/2022\/10\/Kicillof-archivo-300x246.jpg 300w, https:\/\/www.visionweb.com.ar\/wp-content\/uploads\/2022\/10\/Kicillof-archivo.bmp 620w\" sizes=\"auto, (max-width: 300px) 100vw, 300px\" \/>\u00a0\u00a0\u00a0\u00a0\u00a0\u00a0\u00a0 E<\/strong>l gobernador<strong> Axel Kicillof <\/strong>present\u00f3 en la Legislatura<strong> un proyecto para crear un Gabinete Ambiental<\/strong>, con el objetivo de\u00a0 establecer pol\u00edticas p\u00fablicas trasversales apuntadas al cuidado del ambiente y la mitigaci\u00f3n del cambio clim\u00e1tico.\u00a0<strong><br \/>\n<\/strong><\/p>\n<p>El documento, firmado por el gobernador<strong>\u00a0<\/strong>Axel Kicillof, fundament\u00f3 que \u00aben nuestro pa\u00eds, resultan innegables los impactos asociados al cambio clim\u00e1tico\u00bb que tiene su repercusi\u00f3n especifica en el territorio provincial.<\/p>\n<p>En ese sentido detall\u00f3 los principales problemas que afectan a jurisdicci\u00f3n bonaerense:<\/p>\n<p>Aumento de las temperaturas m\u00ednimas y m\u00e1ximas<\/p>\n<p>Mayor incidencia de las olas de calor<\/p>\n<p>Aumentos del nivel del mar y del r\u00edo de la Plata<\/p>\n<p>Aumento en la frecuencia e intensidad de sudestadas<\/p>\n<p>Erosi\u00f3n de la l\u00ednea costera<\/p>\n<p>Merma en los rendimientos de los cultivos que afecta la producci\u00f3n y a la calidad de los alimentos de los y las bonaerenses<\/p>\n<p>Mayor incidencia de eventos extremos como inundaciones y sequ\u00edas<\/p>\n<p><img loading=\"lazy\" decoding=\"async\" class=\"size-medium wp-image-7834 alignright\" src=\"https:\/\/www.visionweb.com.ar\/wp-content\/uploads\/2022\/10\/campo-emergencia-agrop-sequia-300x120.jpg\" alt=\"\" width=\"300\" height=\"120\" srcset=\"https:\/\/www.visionweb.com.ar\/wp-content\/uploads\/2022\/10\/campo-emergencia-agrop-sequia-300x120.jpg 300w, https:\/\/www.visionweb.com.ar\/wp-content\/uploads\/2022\/10\/campo-emergencia-agrop-sequia-768x306.jpg 768w, https:\/\/www.visionweb.com.ar\/wp-content\/uploads\/2022\/10\/campo-emergencia-agrop-sequia.bmp 868w\" sizes=\"auto, (max-width: 300px) 100vw, 300px\" \/>El efecto que m\u00e1s relevancia tom\u00f3 el \u00faltimo tiempo fue el de las grandes sequ\u00edas que afectan al territorio bonaerense que perjudica la actividad de la producci\u00f3n agropecuaria.<\/p>\n<p>El proyecto presentado el pasado martes, detalla: \u201cLa presente ley establece los lineamientos para garantizar acciones, instrumentos y estrategias adecuadas de adaptaci\u00f3n y mitigaci\u00f3n al cambio clim\u00e1tico, en pos de disminuir el riesgo y mejorar la calidad de vida de la poblaci\u00f3n local, particularmente de los sectores m\u00e1s vulnerables de la sociedad, as\u00ed como de preservar los ecosistemas y bienes comunes naturales bonaerenses respecto de los impactos del cambio clim\u00e1tico\u201d.<\/p>\n<p>Si se aprueba la iniciativa, el Gabinete Provincial de Cambio Clim\u00e1tico para la implementaci\u00f3n de pol\u00edticas p\u00fablicas estar\u00e1 integrado por las <strong>m\u00e1ximas autoridades de los Ministerios de Jefatura de Gabinete de Ministros, de Ambiente, de Infraestructura y Servicios P\u00fablicos, de Desarrollo Agrario, de Producci\u00f3n, Ciencia e Innovaci\u00f3n Tecnol\u00f3gica, de Desarrollo de la Comunidad y de Salud.<\/strong><\/p>\n<p>\u201cCada Ministerio deber\u00e1 tener un\/a representante titular y un\/a representante alterno\/a o suplente, para integrar la Mesa de puntos focales, quienes llevar\u00e1n adelante la definici\u00f3n, la implementaci\u00f3n y el seguimiento de las medidas de mitigaci\u00f3n y adaptaci\u00f3n del Plan Provincial de Respuesta al Cambio Clim\u00e1tico\u201d, dice el documento.<\/p>\n<p><strong>\u00a0<\/strong>En ese plano el proyecto argument\u00f3 que \u201centendemos que <strong>no hay justicia social sin justicia ambiental, por eso se\u00f1alamos que la principal problem\u00e1tica ambiental es la desigualdad y la pobreza<\/strong>\u201d.<\/p>\n<p>\u00abLa desigualdad social se constituye como una problem\u00e1tica estructural que incrementa el riesgo de padecer los impactos mencionados con la crisis clim\u00e1tica\u00bb. <strong>(VW)<\/strong><\/p>\n<p>&nbsp;<\/p>\n","protected":false},"excerpt":{"rendered":"<p>Ser\u00e1 especializado en la implementaci\u00f3n de pol\u00edticas p\u00fablicas orientado a la gesti\u00f3n ambiental.\u00a0<\/p>\n","protected":false},"author":4,"featured_media":7834,"comment_status":"closed","ping_status":"closed","sticky":false,"template":"","format":"standard","meta":{"_monsterinsights_skip_tracking":false,"_monsterinsights_sitenote_active":false,"_monsterinsights_sitenote_note":"","_monsterinsights_sitenote_category":0,"footnotes":""},"categories":[4],"tags":[3131,3311,3313,3312],"class_list":["post-7949","post","type-post","status-publish","format-standard","has-post-thumbnail","hentry","category-politica","tag-axel-kicillof","tag-gabinete-cambio-clinatico","tag-leguslatura","tag-proyecto-bonaerense"],"_links":{"self":[{"href":"https:\/\/www.visionweb.com.ar\/index.php?rest_route=\/wp\/v2\/posts\/7949","targetHints":{"allow":["GET"]}}],"collection":[{"href":"https:\/\/www.visionweb.com.ar\/index.php?rest_route=\/wp\/v2\/posts"}],"about":[{"href":"https:\/\/www.visionweb.com.ar\/index.php?rest_route=\/wp\/v2\/types\/post"}],"author":[{"embeddable":true,"href":"https:\/\/www.visionweb.com.ar\/index.php?rest_route=\/wp\/v2\/users\/4"}],"replies":[{"embeddable":true,"href":"https:\/\/www.visionweb.com.ar\/index.php?rest_route=%2Fwp%2Fv2%2Fcomments&post=7949"}],"version-history":[{"count":2,"href":"https:\/\/www.visionweb.com.ar\/index.php?rest_route=\/wp\/v2\/posts\/7949\/revisions"}],"predecessor-version":[{"id":7952,"href":"https:\/\/www.visionweb.com.ar\/index.php?rest_route=\/wp\/v2\/posts\/7949\/revisions\/7952"}],"wp:featuredmedia":[{"embeddable":true,"href":"https:\/\/www.visionweb.com.ar\/index.php?rest_route=\/wp\/v2\/media\/7834"}],"wp:attachment":[{"href":"https:\/\/www.visionweb.com.ar\/index.php?rest_route=%2Fwp%2Fv2%2Fmedia&parent=7949"}],"wp:term":[{"taxonomy":"category","embeddable":true,"href":"https:\/\/www.visionweb.com.ar\/index.php?rest_route=%2Fwp%2Fv2%2Fcategories&post=7949"},{"taxonomy":"post_tag","embeddable":true,"href":"https:\/\/www.visionweb.com.ar\/index.php?rest_route=%2Fwp%2Fv2%2Ftags&post=7949"}],"curies":[{"name":"wp","href":"https:\/\/api.w.org\/{rel}","templated":true}]}}