{"id":7941,"date":"2022-10-27T13:43:55","date_gmt":"2022-10-27T16:43:55","guid":{"rendered":"https:\/\/www.visionweb.com.ar\/?p=7941"},"modified":"2022-10-27T13:43:55","modified_gmt":"2022-10-27T16:43:55","slug":"diputados-entronizaron-al-ex-presidente-raul-alfonsin-en-el-recinto-de-sesiones","status":"publish","type":"post","link":"https:\/\/www.visionweb.com.ar\/?p=7941","title":{"rendered":"Diputados: Entronizaron al ex Presidente Ra\u00fal Alfons\u00edn en el Recinto de Sesiones"},"content":{"rendered":"<p><em><strong>El acto se concret\u00f3 esta ma\u00f1ana en el Recinto de Sesiones de la HC de dputados de la provincia de Buenos Aires. Merecido homenaje a una de las figuras m\u00e1s relevantes de la democracia.\u00a0<\/strong><\/em><!--more--><\/p>\n<p><strong>\u00a0 \u00a0 \u00a0 <img loading=\"lazy\" decoding=\"async\" class=\"size-medium wp-image-7942 alignright\" src=\"https:\/\/www.visionweb.com.ar\/wp-content\/uploads\/2022\/10\/ALFONSIN-EN-DIPUTADOS-PBA-300x200.png\" alt=\"\" width=\"300\" height=\"200\" srcset=\"https:\/\/www.visionweb.com.ar\/wp-content\/uploads\/2022\/10\/ALFONSIN-EN-DIPUTADOS-PBA-300x200.png 300w, https:\/\/www.visionweb.com.ar\/wp-content\/uploads\/2022\/10\/ALFONSIN-EN-DIPUTADOS-PBA-768x513.png 768w, https:\/\/www.visionweb.com.ar\/wp-content\/uploads\/2022\/10\/ALFONSIN-EN-DIPUTADOS-PBA.png 899w\" sizes=\"auto, (max-width: 300px) 100vw, 300px\" \/>\u00a0E<\/strong>n un acto encabezado por el vicepresidente del cuerpo, Rub\u00e9n Eslaiman que se realiz\u00f3 en el Recinto de Sesiones de la legislatura bonaerense, se entroniz\u00f3 este jueves, la imagen del fallecido ex presidente Ra\u00fal Alfons\u00edn.<\/p>\n<p>Asistieron tambi\u00e9n los legisladores Walter Carusso y Maximiliano Abad, adem\u00e1s se cont\u00f3 con el acompa\u00f1amiento de militantes, diputados y diputadas de todos los bloques, el ex gobernador Daniel Salvador y los dirigentes radicales Federico Storani y Coti Nosiglia, entre otros y otras figuras del radicalismo.<\/p>\n<p>Tras las palabras de bienvenida del diputado Eslaiman, quien celebr\u00f3 y calific\u00f3 de \u00abtard\u00edo\u00bb el reconocimiento; el presidente del Comit\u00e9 Provincia de la UCR Maximiliano Abad manifest\u00f3 su felicidad por el homenaje y destac\u00f3 la presencia de representantes de distintos bloques: \u00abYo reivindico que todos estemos, independientemente de la pertenencia partidaria, reconociendo a esos hombres grandes de la historia\u00bb, dijo, en alusi\u00f3n a las distintas figuras representadas en el recinto.<\/p>\n<p>All\u00ed se destacan los cuadros de San Mart\u00edn, Belgrano, Rosas, Alem y Eva Per\u00f3n, entre otros- \u00abporque la figura, la trayectoria y el compromiso con la democracia trasciende toda identidad partidaria\u00bb.<\/p>\n<p><img loading=\"lazy\" decoding=\"async\" class=\"size-medium wp-image-7943 alignleft\" src=\"https:\/\/www.visionweb.com.ar\/wp-content\/uploads\/2022\/10\/AFONSIN-300x200.png\" alt=\"\" width=\"300\" height=\"200\" srcset=\"https:\/\/www.visionweb.com.ar\/wp-content\/uploads\/2022\/10\/AFONSIN-300x200.png 300w, https:\/\/www.visionweb.com.ar\/wp-content\/uploads\/2022\/10\/AFONSIN-768x513.png 768w, https:\/\/www.visionweb.com.ar\/wp-content\/uploads\/2022\/10\/AFONSIN.png 800w\" sizes=\"auto, (max-width: 300px) 100vw, 300px\" \/>En tanto Walter Carusso, autor del proyecto que dispuso esta entronizaci\u00f3n, hizo un breve repaso de la trayectoria pol\u00edtica de Alfons\u00edn, quien comenz\u00f3 su militancia en 1950 en el Movimiento de Intransigencia y Renovaci\u00f3n de la UCR Chascom\u00fas, ciudad en la que fue concejal y en la que presidi\u00f3 el Comit\u00e9 local.<\/p>\n<p>Tambi\u00e9n fue diputado provincial, electo en 1958 y, diputado nacional entre 1966 y 1969, desempe\u00f1\u00e1ndose como vicepresidente del bloque de la Uni\u00f3n C\u00edvica Radical del Pueblo, mientras era tambi\u00e9n ungido como presidente del Comit\u00e9 Provincia de la UCRP, adem\u00e1s de haber sido presidente de la Naci\u00f3n.<\/p>\n<p>Alfons\u00edn, fue uno de los fundadores de la Asamblea Permanente por los Derechos Humanos. Adem\u00e1s fue tambi\u00e9n encarcelado en las dictaduras de la autodenominada \u00abRevoluci\u00f3n Libertadora\u00bb y, m\u00e1s tarde, en la de Ongan\u00eda.<\/p>\n<p>En su mandato como Presidente de la Naci\u00f3n, habilit\u00f3 la realizaci\u00f3n de uno de los juicios m\u00e1s importantes de la historia conocido como \u201cJuicio a las Juntas\u201d que juzgo a los cr\u00edmenes cometidos durante la \u00faltima dictadura c\u00edvico militar. Fueron condenados Jorge Videla y Emilio Massera, Orlando Agosti, Roberto Viola y Armando Lambruschini.<\/p>\n<p>Por todo su recorrido, para el diputado \u00abes el hombre de la democracia contempor\u00e1neo m\u00e1s importante que tuvo la rep\u00fablica Argentina\u00bb.<\/p>\n<p>En ese sentido, Carusso, asegur\u00f3, \u00abes un acto de justicia que esta casa de leyes tenga la figura de Ra\u00fal (Alfons\u00edn) para las generaciones que vengan\u00bb porque \u00abven\u00edamos de la peor dictadura que tuvo la argentina y hab\u00eda que hacer esa transici\u00f3n para que hoy podamos tener, por primera vez, treinta y nueve a\u00f1os de democracia ininterrumpida en nuestro pa\u00eds\u00bb<strong>(VW)<\/strong>.<\/p>\n","protected":false},"excerpt":{"rendered":"<p>El acto se concret\u00f3 esta ma\u00f1ana en el Recinto de Sesiones de la HC de dputados de la provincia de Buenos Aires. Merecido homenaje a una de las figuras m\u00e1s relevantes de la democracia.\u00a0<\/p>\n","protected":false},"author":3,"featured_media":7942,"comment_status":"closed","ping_status":"closed","sticky":false,"template":"","format":"standard","meta":{"_monsterinsights_skip_tracking":false,"_monsterinsights_sitenote_active":false,"_monsterinsights_sitenote_note":"","_monsterinsights_sitenote_category":0,"footnotes":""},"categories":[4],"tags":[3307,3306,3308],"class_list":["post-7941","post","type-post","status-publish","format-standard","has-post-thumbnail","hentry","category-politica","tag-alfonsin","tag-entromizado","tag-hcdpba"],"_links":{"self":[{"href":"https:\/\/www.visionweb.com.ar\/index.php?rest_route=\/wp\/v2\/posts\/7941","targetHints":{"allow":["GET"]}}],"collection":[{"href":"https:\/\/www.visionweb.com.ar\/index.php?rest_route=\/wp\/v2\/posts"}],"about":[{"href":"https:\/\/www.visionweb.com.ar\/index.php?rest_route=\/wp\/v2\/types\/post"}],"author":[{"embeddable":true,"href":"https:\/\/www.visionweb.com.ar\/index.php?rest_route=\/wp\/v2\/users\/3"}],"replies":[{"embeddable":true,"href":"https:\/\/www.visionweb.com.ar\/index.php?rest_route=%2Fwp%2Fv2%2Fcomments&post=7941"}],"version-history":[{"count":1,"href":"https:\/\/www.visionweb.com.ar\/index.php?rest_route=\/wp\/v2\/posts\/7941\/revisions"}],"predecessor-version":[{"id":7944,"href":"https:\/\/www.visionweb.com.ar\/index.php?rest_route=\/wp\/v2\/posts\/7941\/revisions\/7944"}],"wp:featuredmedia":[{"embeddable":true,"href":"https:\/\/www.visionweb.com.ar\/index.php?rest_route=\/wp\/v2\/media\/7942"}],"wp:attachment":[{"href":"https:\/\/www.visionweb.com.ar\/index.php?rest_route=%2Fwp%2Fv2%2Fmedia&parent=7941"}],"wp:term":[{"taxonomy":"category","embeddable":true,"href":"https:\/\/www.visionweb.com.ar\/index.php?rest_route=%2Fwp%2Fv2%2Fcategories&post=7941"},{"taxonomy":"post_tag","embeddable":true,"href":"https:\/\/www.visionweb.com.ar\/index.php?rest_route=%2Fwp%2Fv2%2Ftags&post=7941"}],"curies":[{"name":"wp","href":"https:\/\/api.w.org\/{rel}","templated":true}]}}