{"id":7938,"date":"2022-10-27T12:30:37","date_gmt":"2022-10-27T15:30:37","guid":{"rendered":"https:\/\/www.visionweb.com.ar\/?p=7938"},"modified":"2022-10-27T12:30:37","modified_gmt":"2022-10-27T15:30:37","slug":"el-provincia-amplia-a-7500-ms-las-lineas-crediticias-para-la-produccion","status":"publish","type":"post","link":"https:\/\/www.visionweb.com.ar\/?p=7938","title":{"rendered":"El Provincia ampl\u00eda a $7500 Ms las l\u00edneas crediticias para la producci\u00f3n"},"content":{"rendered":"<p><em><strong>Las l\u00edneas crediticias tendr\u00e1n bonificaciones de 6 y 8 puntos, 12 meses de gracias y un plazo de 60 meses para su devoluci\u00f3n.<\/strong><\/em>\u00a0 <!--more--><\/p>\n<p><strong>\u00a0 \u00a0 \u00a0 <img loading=\"lazy\" decoding=\"async\" class=\"size-medium wp-image-7939 alignright\" src=\"https:\/\/www.visionweb.com.ar\/wp-content\/uploads\/2022\/10\/INDUSTRIAS-PYMES-300x168.png\" alt=\"\" width=\"300\" height=\"168\" srcset=\"https:\/\/www.visionweb.com.ar\/wp-content\/uploads\/2022\/10\/INDUSTRIAS-PYMES-300x168.png 300w, https:\/\/www.visionweb.com.ar\/wp-content\/uploads\/2022\/10\/INDUSTRIAS-PYMES.png 640w\" sizes=\"auto, (max-width: 300px) 100vw, 300px\" \/> U<\/strong>n total de $7.500 millones ser\u00e1n asignados para inversiones productivas, luego la firma de un convenio entre el ministerio de Producci\u00f3n de bonaerense y el banco Provincia de Buenos Aires.<\/p>\n<p>La asistencia financiera tendr\u00e1 un plazo de devoluci\u00f3n de hasta 60 meses y los 12 meses de gracia para el pago del capital.<\/p>\n<p>Desde la cartera que conduce Agusto Costa (ex secretario de Comercio de la Naci\u00f3n), precisaron que \u201cde este modo, el gobierno provincial consolida el perfil productivo de sus pol\u00edticas p\u00fablicas y contin\u00faa apoyando a las empresas que producen en la ampliaci\u00f3n de su capacidad, el agregado de valor y la generaci\u00f3n de empleo\u201d.<\/p>\n<p>La l\u00ednea de Cr\u00e9ditos para la Recuperaci\u00f3n Productiva \u201cProvincia en Marcha\u201d fue lanzada originalmente en 2021 y ya recibi\u00f3 y evalu\u00f3 540 proyectos de inversi\u00f3n de pymes bonaerenses en su primera edici\u00f3n. Los destinos de inversi\u00f3n fueron principalmente compra de maquinaria y equipo, adecuaciones y ampliaciones edilicias de plantas productivas y construcci\u00f3n de nuevas naves industriales. De ellos se otorgaron 188 cr\u00e9ditos por m\u00e1s de $ 5.800 millones.<\/p>\n<p>En esta nueva etapa, que se encuentra vigente hasta el 31 de marzo de 2023, se llevan recibidos m\u00e1s de 300 proyectos y ya se monetizaron 52 por 2.187 millones de pesos.<\/p>\n<p>Se detall\u00f3 que en la actual convocatoria se mantienen las principales caracter\u00edsticas de la l\u00ednea de pr\u00e9stamos y se agregan condiciones que, si las empresas cumplen, les permiten obtener m\u00e1s puntos de bonificaci\u00f3n.<\/p>\n<p>As\u00ed, se indic\u00f3 que se conservan los destinos posibles del pr\u00e9stamo (inversi\u00f3n productiva), el plazo de devoluci\u00f3n de hasta 60 meses y los 12 meses de gracia para el pago del capital; se eleva el tope m\u00e1ximo del pr\u00e9stamo a 150 millones de pesos y se prev\u00e9n mayores bonificaciones de tasas para micro y peque\u00f1as empresas, brindando as\u00ed un apoyo adicional a dicho segmento para su crecimiento y consolidaci\u00f3n.<\/p>\n<p>El programa cuenta con tres l\u00edneas: la general, la de agrupamientos industriales y la de proyectos sustentables. Para las dos primeras, la bonificaci\u00f3n de tasa m\u00ednima ser\u00e1 de 6 puntos porcentuales para empresas medianas y 8 para micro y peque\u00f1as. Y las empresas podr\u00e1n acumular puntos adicionales de bonificaci\u00f3n hasta un m\u00e1ximo de 12 puntos si son peque\u00f1as y 10 si son empresas medianas.<\/p>\n<p>Adem\u00e1s, se incorpor\u00f3 una bonificaci\u00f3n adicional para aquellas inversiones que contemplen la perspectiva de g\u00e9nero en el \u00e1mbito laboral; y para mejorar las condiciones de salud, seguridad e higiene de las y los trabajadores.<\/p>\n<p>Por \u00faltimo, la l\u00ednea de proyectos sustentables est\u00e1 destinada a mipymes que desarrollen un proyecto de inversi\u00f3n considerado de mejora ambiental o con eficiencia energ\u00e9tica<strong>(VW)<\/strong>.<\/p>\n","protected":false},"excerpt":{"rendered":"<p>Las l\u00edneas crediticias tendr\u00e1n bonificaciones de 6 y 8 puntos, 12 meses de gracias y un plazo de 60 meses para su devoluci\u00f3n.\u00a0<\/p>\n","protected":false},"author":3,"featured_media":7939,"comment_status":"closed","ping_status":"closed","sticky":false,"template":"","format":"standard","meta":{"_monsterinsights_skip_tracking":false,"_monsterinsights_sitenote_active":false,"_monsterinsights_sitenote_note":"","_monsterinsights_sitenote_category":0,"footnotes":""},"categories":[749],"tags":[3304,3305,301,3303,217],"class_list":["post-7938","post","type-post","status-publish","format-standard","has-post-thumbnail","hentry","category-pymes","tag-bapro","tag-bonificaciones","tag-creditos","tag-ministerio-de-produccion","tag-tasas"],"_links":{"self":[{"href":"https:\/\/www.visionweb.com.ar\/index.php?rest_route=\/wp\/v2\/posts\/7938","targetHints":{"allow":["GET"]}}],"collection":[{"href":"https:\/\/www.visionweb.com.ar\/index.php?rest_route=\/wp\/v2\/posts"}],"about":[{"href":"https:\/\/www.visionweb.com.ar\/index.php?rest_route=\/wp\/v2\/types\/post"}],"author":[{"embeddable":true,"href":"https:\/\/www.visionweb.com.ar\/index.php?rest_route=\/wp\/v2\/users\/3"}],"replies":[{"embeddable":true,"href":"https:\/\/www.visionweb.com.ar\/index.php?rest_route=%2Fwp%2Fv2%2Fcomments&post=7938"}],"version-history":[{"count":1,"href":"https:\/\/www.visionweb.com.ar\/index.php?rest_route=\/wp\/v2\/posts\/7938\/revisions"}],"predecessor-version":[{"id":7940,"href":"https:\/\/www.visionweb.com.ar\/index.php?rest_route=\/wp\/v2\/posts\/7938\/revisions\/7940"}],"wp:featuredmedia":[{"embeddable":true,"href":"https:\/\/www.visionweb.com.ar\/index.php?rest_route=\/wp\/v2\/media\/7939"}],"wp:attachment":[{"href":"https:\/\/www.visionweb.com.ar\/index.php?rest_route=%2Fwp%2Fv2%2Fmedia&parent=7938"}],"wp:term":[{"taxonomy":"category","embeddable":true,"href":"https:\/\/www.visionweb.com.ar\/index.php?rest_route=%2Fwp%2Fv2%2Fcategories&post=7938"},{"taxonomy":"post_tag","embeddable":true,"href":"https:\/\/www.visionweb.com.ar\/index.php?rest_route=%2Fwp%2Fv2%2Ftags&post=7938"}],"curies":[{"name":"wp","href":"https:\/\/api.w.org\/{rel}","templated":true}]}}