{"id":7934,"date":"2022-10-27T11:46:54","date_gmt":"2022-10-27T14:46:54","guid":{"rendered":"https:\/\/www.visionweb.com.ar\/?p=7934"},"modified":"2022-10-27T11:47:38","modified_gmt":"2022-10-27T14:47:38","slug":"diputados-bonaerenses-ofrecieron-una-charla-sobre-prevencion-del-acv","status":"publish","type":"post","link":"https:\/\/www.visionweb.com.ar\/?p=7934","title":{"rendered":"Diputados bonaerenses organizaron una charla sobre prevenci\u00f3n del ACV"},"content":{"rendered":"<p><strong><em>El encuentro se realiz\u00f3 en el auditorio anexo a la C\u00e1mara de Diputados bonaerense. Participaron profesionales de la salud del Hospital General San Mart\u00edn de La Plata y de el Hospital El Cruce de Florencio Varela.<\/em><\/strong><!--more--><\/p>\n<p><strong>\u00a0 \u00a0 \u00a0 \u00a0 \u00a0E<\/strong>n el marco del \u00abD\u00eda Internacional del Accidente cerebrovascular\u00bb, que se conmemorar\u00e1 el pr\u00f3ximo s\u00e1bado, se organiz\u00f3 una charla que tuvo por objetivo generar conciencia en la comunidad acerca de esta enfermedad.<\/p>\n<p>La reuni\u00f3n fue organizada por el diputado\u00a0 Claudio Fragul y su par Alejandra Lorden,\u00a0 (UCR-Juntos)<\/p>\n<p>Durante la charla se analizaron los proyectos de ley que buscan crear un c\u00f3digo espec\u00edfico para acelerar los traslados y una red para la derivaci\u00f3n de pacientes, puntos clave a la hora de reducir el porcentaje de mortalidad y disparidad en pacientes de todas las edades.<\/p>\n<p>Los profesionales disertantes que contaron sus experiencias en el tratamiento del ACV fueron, el doctor Leandro Tumino, jefe de la Unidad Stroke del HIGA San Martin, la doctora Mariana Montes, Emergent\u00f3loga \u00a0del HIGA San Martin y el Hospital Churruca de CABA; el doctor Pablo Castelluccio, coordinador UTI del Hospital El Cruce de Florencio Varela y el doctor Eduardo Tejado, jefe Unidad Diagn\u00f3stico Enfermedades Cerebrovasculares HIGA San Mart\u00edn y el director M\u00e9dico de la Unidad de Neurocirug\u00eda Endovascular y Stroke.<\/p>\n<h3 style=\"text-align: center;\"><span style=\"color: #0000ff;\"><strong><em>Para prevenir un ACV es necesario conocer las \u00ab5 C\u00bb<\/em><\/strong><\/span><\/h3>\n<p>Esta afecci\u00f3n es causada por <strong><em>la p\u00e9rdida s\u00fabita de flujo sangu\u00edneo cerebral (isqu\u00e9mico) o por el derrame de sangre (hemorr\u00e1gico).<\/em><\/strong> Ambos son conocidos como accidente cerebrovascular (ACV) y <em><strong>constituye la tercera causa de muerte y primera de discapacidad en adultos.<\/strong><\/em><\/p>\n<p>Es importante memorizar la regla de las <em><strong>5 \u201cC\u201d, para identificar posibles s\u00edntomas: CABEZA: dolor fuerte; CUERPO: debilidad en un lado del cuerpo; CONFUSI\u00d3N: dificultad para entender o expresarse, CEGUERA: no ver bien o quedarse ciego repentinamente y CAMINATA: dificultad para movilizarse.<\/strong><\/em><\/p>\n<p>El diputado Frangul asegur\u00f3 que \u201clos especialistas se\u00f1alan que el \u00e9xito del tratamiento y la disminuci\u00f3n de las secuelas dependen de que el paciente llegue al tratamiento en el menor tiempo posible desde el inicio del episodio\u00bb, expuso.<\/p>\n<p>En ese sentido para hacer posibles estos traslados, \u00abes\u00a0 necesario\u00a0 que se<strong><em> \u00abdifundan masivamente los s\u00edntomas del ACV, disponer de un C\u00f3digo espec\u00edfico como se tiene con los infartos cardiacos, y haber organizado a los lugares posibles de tratamiento\u00a0 para que funcionen en red<\/em>\u201d.<\/strong><\/p>\n<p>Asimismo, la diputada Alejandra Lorden (profesional de la salud coment\u00f3 que <strong>\u201clas enfermedades cerebrovasculares<\/strong> son una de <strong><em>las principales causas de muerte en todo el mundo y las secuelas de un accidente cerebro vascular son la primera causa de invalidez en la poblaci\u00f3n adulta y adulta mayor.<\/em><\/strong><\/p>\n<p>La legisladora present\u00f3 una iniciativa para crear una <strong><em>red provincial de atenci\u00f3n integral para la prevenci\u00f3n, atenci\u00f3n en fase aguda y rehabilitaci\u00f3n del ataqu<\/em><em>e<\/em><\/strong> cerebro vascular.<\/p>\n<p>\u201cSe busca que se asuma la importancia del incremento de los criterios de sospecha del diagn\u00f3stico en las consultas de seguimiento y de atenci\u00f3n por otras problem\u00e1ticas de salud\u201d, enfatiz\u00f3.<\/p>\n<p>Por su parte el doctor Eduardo Tejado dijo: \u201cSu prevenci\u00f3n implica <em><strong>la difusi\u00f3n de informaci\u00f3n sobre sus causas y programas de control de los factores de riesgo:\u00a0hipertensi\u00f3n arterial, diabetes, alcoholismo, tabaquismo y colesterol alto.<\/strong><\/em> Y por otro lado saber que hay un tratamiento efectivo y mucha medicaci\u00f3n que mejora notoriamente la salud del paciente\u201d.<\/p>\n<p>En tanto, el doctor Leandro Tumino asegur\u00f3 que <em><strong>\u201ces necesario tener en cuenta los s\u00edntomas tempranos que nos da el cuerpo, y saber que el adormecimiento de un brazo, pierna, un mareo, pueden ser el principio de un AVC<\/strong><\/em> y llegar r\u00e1pido a un centro de salud cambia el pron\u00f3stico y evoluci\u00f3n el paciente\u201d.<\/p>\n<p>Estuvieron tambi\u00e9n presentes en la jornada los diputados Emiliano Balb\u00edn, Melisa Greco y Viviana Dirolli<strong> (VW)<\/strong>.<\/p>\n","protected":false},"excerpt":{"rendered":"<p>El encuentro se realiz\u00f3 en el auditorio anexo a la C\u00e1mara de Diputados bonaerense. Participaron profesionales de la salud del Hospital General San Mart\u00edn de La Plata y de el Hospital El Cruce de&#46;&#46;&#46;<\/p>\n","protected":false},"author":3,"featured_media":7935,"comment_status":"closed","ping_status":"closed","sticky":false,"template":"","format":"standard","meta":{"_monsterinsights_skip_tracking":false,"_monsterinsights_sitenote_active":false,"_monsterinsights_sitenote_note":"","_monsterinsights_sitenote_category":0,"footnotes":""},"categories":[8,4],"tags":[3300,2301,3302,3301],"class_list":["post-7934","post","type-post","status-publish","format-standard","has-post-thumbnail","hentry","category-interes-general","category-politica","tag-acv","tag-diputados-bonaerenses","tag-el-cruce","tag-hospital-san-martin"],"_links":{"self":[{"href":"https:\/\/www.visionweb.com.ar\/index.php?rest_route=\/wp\/v2\/posts\/7934","targetHints":{"allow":["GET"]}}],"collection":[{"href":"https:\/\/www.visionweb.com.ar\/index.php?rest_route=\/wp\/v2\/posts"}],"about":[{"href":"https:\/\/www.visionweb.com.ar\/index.php?rest_route=\/wp\/v2\/types\/post"}],"author":[{"embeddable":true,"href":"https:\/\/www.visionweb.com.ar\/index.php?rest_route=\/wp\/v2\/users\/3"}],"replies":[{"embeddable":true,"href":"https:\/\/www.visionweb.com.ar\/index.php?rest_route=%2Fwp%2Fv2%2Fcomments&post=7934"}],"version-history":[{"count":2,"href":"https:\/\/www.visionweb.com.ar\/index.php?rest_route=\/wp\/v2\/posts\/7934\/revisions"}],"predecessor-version":[{"id":7937,"href":"https:\/\/www.visionweb.com.ar\/index.php?rest_route=\/wp\/v2\/posts\/7934\/revisions\/7937"}],"wp:featuredmedia":[{"embeddable":true,"href":"https:\/\/www.visionweb.com.ar\/index.php?rest_route=\/wp\/v2\/media\/7935"}],"wp:attachment":[{"href":"https:\/\/www.visionweb.com.ar\/index.php?rest_route=%2Fwp%2Fv2%2Fmedia&parent=7934"}],"wp:term":[{"taxonomy":"category","embeddable":true,"href":"https:\/\/www.visionweb.com.ar\/index.php?rest_route=%2Fwp%2Fv2%2Fcategories&post=7934"},{"taxonomy":"post_tag","embeddable":true,"href":"https:\/\/www.visionweb.com.ar\/index.php?rest_route=%2Fwp%2Fv2%2Ftags&post=7934"}],"curies":[{"name":"wp","href":"https:\/\/api.w.org\/{rel}","templated":true}]}}